{"id":9345,"date":"2024-05-27T10:53:15","date_gmt":"2024-05-27T08:53:15","guid":{"rendered":"https:\/\/www.avanzarematerials.com\/?p=9345"},"modified":"2024-10-14T10:17:04","modified_gmt":"2024-10-14T08:17:04","slug":"el-comite-de-seguimiento-feder-ader-el-ministerio-de-hacienda-y-eu-regio-portugal-y-espana-visitan-las-instalaciones-de-avanzare","status":"publish","type":"post","link":"https:\/\/www.avanzarematerials.com\/es\/2024\/05\/27\/el-comite-de-seguimiento-feder-ader-el-ministerio-de-hacienda-y-eu-regio-portugal-y-espana-visitan-las-instalaciones-de-avanzare\/","title":{"rendered":"El Comit\u00e9 de seguimiento FEDER, ADER, El Ministerio de Hacienda y EU Regio Portugal y Espa\u00f1a visitan las instalaciones de Avanzare"},"content":{"rendered":"<p><div class=\"fusion-fullwidth fullwidth-box fusion-builder-row-1 fusion-flex-container nonhundred-percent-fullwidth non-hundred-percent-height-scrolling\" style=\"--awb-border-radius-top-left:0px;--awb-border-radius-top-right:0px;--awb-border-radius-bottom-right:0px;--awb-border-radius-bottom-left:0px;--awb-flex-wrap:wrap;\" ><div class=\"fusion-builder-row fusion-row fusion-flex-align-items-flex-start fusion-flex-content-wrap\" style=\"max-width:1497.6px;margin-left: calc(-4% \/ 2 );margin-right: calc(-4% \/ 2 );\"><div class=\"fusion-layout-column fusion_builder_column fusion-builder-column-0 fusion_builder_column_1_1 1_1 fusion-flex-column\" style=\"--awb-bg-size:cover;--awb-width-large:100%;--awb-margin-top-large:0px;--awb-spacing-right-large:1.92%;--awb-margin-bottom-large:0px;--awb-spacing-left-large:1.92%;--awb-width-medium:100%;--awb-spacing-right-medium:1.92%;--awb-spacing-left-medium:1.92%;--awb-width-small:100%;--awb-spacing-right-small:1.92%;--awb-spacing-left-small:1.92%;\"><div class=\"fusion-column-wrapper fusion-flex-justify-content-flex-start fusion-content-layout-column\"><div class=\"fusion-separator fusion-full-width-sep\" style=\"align-self: center;margin-left: auto;margin-right: auto;margin-top:30px;margin-bottom:30px;width:100%;\"><\/div><\/div><\/div><\/div><\/div><div class=\"fusion-fullwidth fullwidth-box fusion-builder-row-2 fusion-flex-container has-pattern-background has-mask-background nonhundred-percent-fullwidth non-hundred-percent-height-scrolling\" style=\"--awb-border-radius-top-left:0px;--awb-border-radius-top-right:0px;--awb-border-radius-bottom-right:0px;--awb-border-radius-bottom-left:0px;--awb-flex-wrap:wrap;\" ><div class=\"fusion-builder-row fusion-row fusion-flex-align-items-flex-start fusion-flex-content-wrap\" style=\"max-width:1497.6px;margin-left: calc(-4% \/ 2 );margin-right: calc(-4% \/ 2 );\"><div class=\"fusion-layout-column fusion_builder_column fusion-builder-column-1 fusion_builder_column_1_1 1_1 fusion-flex-column\" style=\"--awb-bg-size:cover;--awb-width-large:100%;--awb-margin-top-large:0px;--awb-spacing-right-large:1.92%;--awb-margin-bottom-large:20px;--awb-spacing-left-large:1.92%;--awb-width-medium:100%;--awb-order-medium:0;--awb-spacing-right-medium:1.92%;--awb-spacing-left-medium:1.92%;--awb-width-small:100%;--awb-order-small:0;--awb-spacing-right-small:1.92%;--awb-spacing-left-small:1.92%;\"><div class=\"fusion-column-wrapper fusion-column-has-shadow fusion-flex-justify-content-flex-start fusion-content-layout-column\"><div class=\"fusion-title title fusion-title-1 fusion-sep-none fusion-title-text fusion-title-size-one\" style=\"--awb-margin-top-small:10px;--awb-margin-right-small:0px;--awb-margin-bottom-small:10px;--awb-margin-left-small:0px;\"><h1 class=\"fusion-title-heading title-heading-left\" style=\"margin:0;\"><h1>El Comit\u00e9 de seguimiento FEDER, ADER, El Ministerio de Hacienda y EU Regio Portugal y Espa\u00f1a visitan las instalaciones de Avanzare.<\/h1><\/h1><\/div><div class=\"fusion-image-element\" style=\"text-align:center;--awb-caption-title-font-family:var(--h2_typography-font-family);--awb-caption-title-font-weight:var(--h2_typography-font-weight);--awb-caption-title-font-style:var(--h2_typography-font-style);--awb-caption-title-size:var(--h2_typography-font-size);--awb-caption-title-transform:var(--h2_typography-text-transform);--awb-caption-title-line-height:var(--h2_typography-line-height);--awb-caption-title-letter-spacing:var(--h2_typography-letter-spacing);\"><span class=\" fusion-imageframe imageframe-none imageframe-1 hover-type-none\"><img decoding=\"async\" width=\"500\" height=\"375\" alt=\"FEDER, ADER, Hacienda\" src=\"https:\/\/www.avanzarematerials.com\/wp-content\/uploads\/2024\/06\/entrada.png\" class=\"img-responsive wp-image-9873\" srcset=\"https:\/\/www.avanzarematerials.com\/wp-content\/uploads\/2024\/06\/entrada-200x150.png 200w, https:\/\/www.avanzarematerials.com\/wp-content\/uploads\/2024\/06\/entrada-400x300.png 400w, https:\/\/www.avanzarematerials.com\/wp-content\/uploads\/2024\/06\/entrada.png 500w\" sizes=\"(max-width: 1024px) 100vw, (max-width: 640px) 100vw, 500px\" \/><\/span><\/div><div class=\"fusion-separator fusion-full-width-sep\" style=\"align-self: center;margin-left: auto;margin-right: auto;margin-top:10px;margin-bottom:10px;width:100%;\"><\/div><div class=\"fusion-text fusion-text-1\" style=\"--awb-content-alignment:justify;\"><p>La semana pasada, con motivo del comit\u00e9 de seguimiento, miembros de El Programa Regional FEDER, ADER, EU Regio Portugal y Espa\u00f1a y El Ministerio de Hacienda, visitaron las instalaciones de Avanzare, donde pudieron conocer de primera mano la actividad principal de la empresa y los proyectos llevados a cabo.<\/p>\n<\/div><\/div><\/div><\/div><\/div><div class=\"fusion-fullwidth fullwidth-box fusion-builder-row-3 fusion-flex-container nonhundred-percent-fullwidth non-hundred-percent-height-scrolling\" style=\"--awb-border-radius-top-left:0px;--awb-border-radius-top-right:0px;--awb-border-radius-bottom-right:0px;--awb-border-radius-bottom-left:0px;--awb-flex-wrap:wrap;\" ><div class=\"fusion-builder-row fusion-row fusion-flex-align-items-flex-start fusion-flex-content-wrap\" style=\"max-width:1497.6px;margin-left: calc(-4% \/ 2 );margin-right: calc(-4% \/ 2 );\"><div class=\"fusion-layout-column fusion_builder_column fusion-builder-column-2 fusion_builder_column_1_1 1_1 fusion-flex-column\" style=\"--awb-bg-size:cover;--awb-width-large:100%;--awb-margin-top-large:0px;--awb-spacing-right-large:1.92%;--awb-margin-bottom-large:0px;--awb-spacing-left-large:1.92%;--awb-width-medium:100%;--awb-spacing-right-medium:1.92%;--awb-spacing-left-medium:1.92%;--awb-width-small:100%;--awb-spacing-right-small:1.92%;--awb-spacing-left-small:1.92%;\"><div class=\"fusion-column-wrapper fusion-flex-justify-content-flex-start fusion-content-layout-column\"><div class=\"fusion-separator fusion-full-width-sep\" style=\"align-self: center;margin-left: auto;margin-right: auto;margin-top:10px;margin-bottom:10px;width:100%;\"><\/div><div class=\"fusion-title title fusion-title-2 fusion-sep-none fusion-title-text fusion-title-size-two\" style=\"--awb-margin-top-small:10px;--awb-margin-right-small:0px;--awb-margin-bottom-small:10px;--awb-margin-left-small:0px;\"><h2 class=\"fusion-title-heading title-heading-left\" style=\"margin:0;\"><h2>El Comit\u00e9 de seguimiento FEDER como apoyo a la innovaci\u00f3n.<\/h2><\/h2><\/div><div class=\"fusion-text fusion-text-2\" style=\"--awb-content-alignment:justify;\"><p>El Comit\u00e9 es un \u00f3rgano t\u00e9cnico copresidido por la Direcci\u00f3n General de Fondos Europeos del Ministerio de Hacienda y por el \u00f3rgano equivalente de la administraci\u00f3n de La Rioja. Este \u00faltimo tiene como objetivo analizar la evoluci\u00f3n del programa, aprobar posibles modificaciones e impulsar los proyectos aprobados.<\/p>\n<\/div><\/div><\/div><div class=\"fusion-layout-column fusion_builder_column fusion-builder-column-3 fusion_builder_column_1_1 1_1 fusion-flex-column\" style=\"--awb-bg-size:cover;--awb-width-large:100%;--awb-margin-top-large:0px;--awb-spacing-right-large:1.92%;--awb-margin-bottom-large:0px;--awb-spacing-left-large:1.92%;--awb-width-medium:100%;--awb-spacing-right-medium:1.92%;--awb-spacing-left-medium:1.92%;--awb-width-small:100%;--awb-spacing-right-small:1.92%;--awb-spacing-left-small:1.92%;\"><div class=\"fusion-column-wrapper fusion-flex-justify-content-flex-start fusion-content-layout-column\"><div class=\"fusion-separator fusion-full-width-sep\" style=\"align-self: center;margin-left: auto;margin-right: auto;margin-top:10px;margin-bottom:10px;width:100%;\"><\/div><div class=\"fusion-title title fusion-title-3 fusion-sep-none fusion-title-text fusion-title-size-two\" style=\"--awb-margin-top-small:10px;--awb-margin-right-small:0px;--awb-margin-bottom-small:10px;--awb-margin-left-small:0px;\"><h2 class=\"fusion-title-heading title-heading-left\" style=\"margin:0;\"><h2>El Grupo Avanzare desarrolla tres proyectos europeos de I+D+i.<\/h2><\/h2><\/div><div class=\"fusion-separator fusion-full-width-sep\" style=\"align-self: center;margin-left: auto;margin-right: auto;margin-top:10px;margin-bottom:10px;width:100%;\"><\/div><div class=\"fusion-text fusion-text-3\" style=\"--awb-content-alignment:justify;\"><p>En sinton\u00eda con su actividad, Avanzare ha percibido un total de 106.400 euros del fondo FEDER para el desarrollo de tres proyectos de I+D+i.<\/p>\n<p>El primer proyecto est\u00e1 destinado para impulsar la actividad de <a href=\"https:\/\/oenogreen.com\/\">Oenogreen<\/a>, unidad de negocio espec\u00edfica de productos enol\u00f3gicos. Dicho proyecto consiste en el desarrollo de nuevos sistemas biotecnol\u00f3gicos para el proceso de elaboraci\u00f3n y control de la producci\u00f3n del vino.<\/p>\n<p>El segundo proyecto tiene como objetivo el desarrollo de filtros UV para cuarzo sint\u00e9tico como material para elementos expuestos al aire libre en sectores como la construcci\u00f3n.<\/p>\n<p>Finalmente, el tercer proyecto consiste en el desarrollo de poliolefinas resistentes a la radiaci\u00f3n ultravioleta para la fabricaci\u00f3n de diferentes elementos, como revestimientos para el sector de la construcci\u00f3n, componentes para la industria de la automoci\u00f3n o aislantes para cables para el sector de la electr\u00f3nica.<\/p>\n<\/div><\/div><\/div><div class=\"fusion-layout-column fusion_builder_column fusion-builder-column-4 fusion_builder_column_1_1 1_1 fusion-flex-column\" style=\"--awb-bg-size:cover;--awb-width-large:100%;--awb-margin-top-large:0px;--awb-spacing-right-large:1.92%;--awb-margin-bottom-large:0px;--awb-spacing-left-large:1.92%;--awb-width-medium:100%;--awb-spacing-right-medium:1.92%;--awb-spacing-left-medium:1.92%;--awb-width-small:100%;--awb-spacing-right-small:1.92%;--awb-spacing-left-small:1.92%;\"><div class=\"fusion-column-wrapper fusion-flex-justify-content-flex-start fusion-content-layout-column\"><div class=\"fusion-separator fusion-full-width-sep\" style=\"align-self: center;margin-left: auto;margin-right: auto;margin-top:10px;margin-bottom:10px;width:100%;\"><\/div><div class=\"fusion-title title fusion-title-4 fusion-sep-none fusion-title-text fusion-title-size-two\" style=\"--awb-margin-top-small:10px;--awb-margin-right-small:0px;--awb-margin-bottom-small:10px;--awb-margin-left-small:0px;\"><h2 class=\"fusion-title-heading title-heading-left\" style=\"margin:0;\"><h2>Avanzare, l\u00edder en Espa\u00f1a y entre las primeras en Europa en la producci\u00f3n de materiales avanzados.<\/h2><\/h2><\/div><div class=\"fusion-separator fusion-full-width-sep\" style=\"align-self: center;margin-left: auto;margin-right: auto;margin-top:10px;margin-bottom:10px;width:100%;\"><\/div><div class=\"fusion-text fusion-text-4\" style=\"--awb-content-alignment:justify;\"><p>Avanzare lleva m\u00e1s de 20 a\u00f1os trabajando para ser l\u00edder en el desarrollo, producci\u00f3n y comercializaci\u00f3n de materiales funcionales avanzados para aplicaciones emergentes y alternativas a los materiales tradicionales.<br \/>\nCon el objetivo de producir cambios disruptivos en la industria, Avanzare desarrolla soluciones de alto rendimiento basadas en la nanotecnolog\u00eda, materiales 2D y nuevos materiales emergentes para sectores como la construcci\u00f3n, automoci\u00f3n, calzado, dispositivos m\u00f3viles o embalajes, entre otros.<\/p>\n<\/div><\/div><\/div><\/div><\/div><\/p>\n","protected":false},"excerpt":{"rendered":"","protected":false},"author":3,"featured_media":9873,"comment_status":"closed","ping_status":"open","sticky":false,"template":"","format":"standard","meta":{"footnotes":""},"categories":[6],"tags":[],"class_list":["post-9345","post","type-post","status-publish","format-standard","has-post-thumbnail","hentry","category-avanzare"],"yoast_head":"<!-- This site is optimized with the Yoast SEO plugin v28.3 - https:\/\/yoast.com\/product\/yoast-seo-wordpress\/ -->\n<title>El Comit\u00e9 de seguimiento FEDER, ADER, El Ministerio de Hacienda y EU Regio Portugal y Espa\u00f1a visitan las instalaciones de Avanzare - Avanzare Materials<\/title>\n<meta name=\"description\" content=\"Con motivo del Comit\u00e9 de seguimiento, miembros de FEDER, ADER, EU Regio Portugal y Espa\u00f1a y Hacienda, visitaron las instalaciones de Avanzare\" \/>\n<meta name=\"robots\" content=\"index, follow, max-snippet:-1, max-image-preview:large, max-video-preview:-1\" \/>\n<link rel=\"canonical\" href=\"https:\/\/www.avanzarematerials.com\/es\/2024\/05\/27\/el-comite-de-seguimiento-feder-ader-el-ministerio-de-hacienda-y-eu-regio-portugal-y-espana-visitan-las-instalaciones-de-avanzare\/\" \/>\n<meta property=\"og:locale\" content=\"es_ES\" \/>\n<meta property=\"og:type\" content=\"article\" \/>\n<meta property=\"og:title\" content=\"El Comit\u00e9 de seguimiento FEDER, ADER, El Ministerio de Hacienda y EU Regio Portugal y Espa\u00f1a visitan las instalaciones de Avanzare - Avanzare Materials\" \/>\n<meta property=\"og:description\" content=\"Con motivo del Comit\u00e9 de seguimiento, miembros de FEDER, ADER, EU Regio Portugal y Espa\u00f1a y Hacienda, visitaron las instalaciones de Avanzare\" \/>\n<meta property=\"og:url\" content=\"https:\/\/www.avanzarematerials.com\/es\/2024\/05\/27\/el-comite-de-seguimiento-feder-ader-el-ministerio-de-hacienda-y-eu-regio-portugal-y-espana-visitan-las-instalaciones-de-avanzare\/\" \/>\n<meta property=\"og:site_name\" content=\"Avanzare Materials\" \/>\n<meta property=\"article:published_time\" content=\"2024-05-27T08:53:15+00:00\" \/>\n<meta property=\"article:modified_time\" content=\"2024-10-14T08:17:04+00:00\" \/>\n<meta property=\"og:image\" content=\"https:\/\/www.avanzarematerials.com\/wp-content\/uploads\/2024\/06\/entrada.png\" \/>\n\t<meta property=\"og:image:width\" content=\"500\" \/>\n\t<meta property=\"og:image:height\" content=\"375\" \/>\n\t<meta property=\"og:image:type\" content=\"image\/png\" \/>\n<meta name=\"author\" content=\"Avanzare Materials\" \/>\n<meta name=\"twitter:card\" content=\"summary_large_image\" \/>\n<meta name=\"twitter:label1\" content=\"Escrito por\" \/>\n\t<meta name=\"twitter:data1\" content=\"Avanzare Materials\" \/>\n\t<meta name=\"twitter:label2\" content=\"Tiempo de lectura\" \/>\n\t<meta name=\"twitter:data2\" content=\"3 minutos\" \/>\n<script type=\"application\/ld+json\" class=\"yoast-schema-graph\">{\"@context\":\"https:\\\/\\\/schema.org\",\"@graph\":[{\"@type\":\"Article\",\"@id\":\"https:\\\/\\\/www.avanzarematerials.com\\\/es\\\/2024\\\/05\\\/27\\\/el-comite-de-seguimiento-feder-ader-el-ministerio-de-hacienda-y-eu-regio-portugal-y-espana-visitan-las-instalaciones-de-avanzare\\\/#article\",\"isPartOf\":{\"@id\":\"https:\\\/\\\/www.avanzarematerials.com\\\/es\\\/2024\\\/05\\\/27\\\/el-comite-de-seguimiento-feder-ader-el-ministerio-de-hacienda-y-eu-regio-portugal-y-espana-visitan-las-instalaciones-de-avanzare\\\/\"},\"author\":{\"name\":\"Avanzare Materials\",\"@id\":\"https:\\\/\\\/www.avanzarematerials.com\\\/es\\\/#\\\/schema\\\/person\\\/6df49b68d6e00673c6a6e6d44fa7f255\"},\"headline\":\"El Comit\u00e9 de seguimiento FEDER, ADER, El Ministerio de Hacienda y EU Regio Portugal y Espa\u00f1a visitan las instalaciones de Avanzare\",\"datePublished\":\"2024-05-27T08:53:15+00:00\",\"dateModified\":\"2024-10-14T08:17:04+00:00\",\"mainEntityOfPage\":{\"@id\":\"https:\\\/\\\/www.avanzarematerials.com\\\/es\\\/2024\\\/05\\\/27\\\/el-comite-de-seguimiento-feder-ader-el-ministerio-de-hacienda-y-eu-regio-portugal-y-espana-visitan-las-instalaciones-de-avanzare\\\/\"},\"wordCount\":3558,\"image\":{\"@id\":\"https:\\\/\\\/www.avanzarematerials.com\\\/es\\\/2024\\\/05\\\/27\\\/el-comite-de-seguimiento-feder-ader-el-ministerio-de-hacienda-y-eu-regio-portugal-y-espana-visitan-las-instalaciones-de-avanzare\\\/#primaryimage\"},\"thumbnailUrl\":\"https:\\\/\\\/www.avanzarematerials.com\\\/wp-content\\\/uploads\\\/2024\\\/06\\\/entrada.png\",\"articleSection\":[\"Avanzare\"],\"inLanguage\":\"es\"},{\"@type\":\"WebPage\",\"@id\":\"https:\\\/\\\/www.avanzarematerials.com\\\/es\\\/2024\\\/05\\\/27\\\/el-comite-de-seguimiento-feder-ader-el-ministerio-de-hacienda-y-eu-regio-portugal-y-espana-visitan-las-instalaciones-de-avanzare\\\/\",\"url\":\"https:\\\/\\\/www.avanzarematerials.com\\\/es\\\/2024\\\/05\\\/27\\\/el-comite-de-seguimiento-feder-ader-el-ministerio-de-hacienda-y-eu-regio-portugal-y-espana-visitan-las-instalaciones-de-avanzare\\\/\",\"name\":\"El Comit\u00e9 de seguimiento FEDER, ADER, El Ministerio de Hacienda y EU Regio Portugal y Espa\u00f1a visitan las instalaciones de Avanzare - Avanzare Materials\",\"isPartOf\":{\"@id\":\"https:\\\/\\\/www.avanzarematerials.com\\\/es\\\/#website\"},\"primaryImageOfPage\":{\"@id\":\"https:\\\/\\\/www.avanzarematerials.com\\\/es\\\/2024\\\/05\\\/27\\\/el-comite-de-seguimiento-feder-ader-el-ministerio-de-hacienda-y-eu-regio-portugal-y-espana-visitan-las-instalaciones-de-avanzare\\\/#primaryimage\"},\"image\":{\"@id\":\"https:\\\/\\\/www.avanzarematerials.com\\\/es\\\/2024\\\/05\\\/27\\\/el-comite-de-seguimiento-feder-ader-el-ministerio-de-hacienda-y-eu-regio-portugal-y-espana-visitan-las-instalaciones-de-avanzare\\\/#primaryimage\"},\"thumbnailUrl\":\"https:\\\/\\\/www.avanzarematerials.com\\\/wp-content\\\/uploads\\\/2024\\\/06\\\/entrada.png\",\"datePublished\":\"2024-05-27T08:53:15+00:00\",\"dateModified\":\"2024-10-14T08:17:04+00:00\",\"author\":{\"@id\":\"https:\\\/\\\/www.avanzarematerials.com\\\/es\\\/#\\\/schema\\\/person\\\/6df49b68d6e00673c6a6e6d44fa7f255\"},\"description\":\"Con motivo del Comit\u00e9 de seguimiento, miembros de FEDER, ADER, EU Regio Portugal y Espa\u00f1a y Hacienda, visitaron las instalaciones de Avanzare\",\"breadcrumb\":{\"@id\":\"https:\\\/\\\/www.avanzarematerials.com\\\/es\\\/2024\\\/05\\\/27\\\/el-comite-de-seguimiento-feder-ader-el-ministerio-de-hacienda-y-eu-regio-portugal-y-espana-visitan-las-instalaciones-de-avanzare\\\/#breadcrumb\"},\"inLanguage\":\"es\",\"potentialAction\":[{\"@type\":\"ReadAction\",\"target\":[\"https:\\\/\\\/www.avanzarematerials.com\\\/es\\\/2024\\\/05\\\/27\\\/el-comite-de-seguimiento-feder-ader-el-ministerio-de-hacienda-y-eu-regio-portugal-y-espana-visitan-las-instalaciones-de-avanzare\\\/\"]}]},{\"@type\":\"ImageObject\",\"inLanguage\":\"es\",\"@id\":\"https:\\\/\\\/www.avanzarematerials.com\\\/es\\\/2024\\\/05\\\/27\\\/el-comite-de-seguimiento-feder-ader-el-ministerio-de-hacienda-y-eu-regio-portugal-y-espana-visitan-las-instalaciones-de-avanzare\\\/#primaryimage\",\"url\":\"https:\\\/\\\/www.avanzarematerials.com\\\/wp-content\\\/uploads\\\/2024\\\/06\\\/entrada.png\",\"contentUrl\":\"https:\\\/\\\/www.avanzarematerials.com\\\/wp-content\\\/uploads\\\/2024\\\/06\\\/entrada.png\",\"width\":500,\"height\":375,\"caption\":\"FEDER, ADER, Hacienda\"},{\"@type\":\"BreadcrumbList\",\"@id\":\"https:\\\/\\\/www.avanzarematerials.com\\\/es\\\/2024\\\/05\\\/27\\\/el-comite-de-seguimiento-feder-ader-el-ministerio-de-hacienda-y-eu-regio-portugal-y-espana-visitan-las-instalaciones-de-avanzare\\\/#breadcrumb\",\"itemListElement\":[{\"@type\":\"ListItem\",\"position\":1,\"name\":\"Portada\",\"item\":\"https:\\\/\\\/www.avanzarematerials.com\\\/es\\\/\"},{\"@type\":\"ListItem\",\"position\":2,\"name\":\"El Comit\u00e9 de seguimiento FEDER, ADER, El Ministerio de Hacienda y EU Regio Portugal y Espa\u00f1a visitan las instalaciones de Avanzare\"}]},{\"@type\":\"WebSite\",\"@id\":\"https:\\\/\\\/www.avanzarematerials.com\\\/es\\\/#website\",\"url\":\"https:\\\/\\\/www.avanzarematerials.com\\\/es\\\/\",\"name\":\"Avanzare Materials\",\"description\":\"Inventing the future\",\"potentialAction\":[{\"@type\":\"SearchAction\",\"target\":{\"@type\":\"EntryPoint\",\"urlTemplate\":\"https:\\\/\\\/www.avanzarematerials.com\\\/es\\\/?s={search_term_string}\"},\"query-input\":{\"@type\":\"PropertyValueSpecification\",\"valueRequired\":true,\"valueName\":\"search_term_string\"}}],\"inLanguage\":\"es\"},{\"@type\":\"Person\",\"@id\":\"https:\\\/\\\/www.avanzarematerials.com\\\/es\\\/#\\\/schema\\\/person\\\/6df49b68d6e00673c6a6e6d44fa7f255\",\"name\":\"Avanzare Materials\",\"image\":{\"@type\":\"ImageObject\",\"inLanguage\":\"es\",\"@id\":\"https:\\\/\\\/secure.gravatar.com\\\/avatar\\\/cb247acb5e07165148a4a2a08c6c01c3746d6805f518714ec56b4ab1114c8c90?s=96&d=mm&r=g\",\"url\":\"https:\\\/\\\/secure.gravatar.com\\\/avatar\\\/cb247acb5e07165148a4a2a08c6c01c3746d6805f518714ec56b4ab1114c8c90?s=96&d=mm&r=g\",\"contentUrl\":\"https:\\\/\\\/secure.gravatar.com\\\/avatar\\\/cb247acb5e07165148a4a2a08c6c01c3746d6805f518714ec56b4ab1114c8c90?s=96&d=mm&r=g\",\"caption\":\"Avanzare Materials\"},\"url\":\"https:\\\/\\\/www.avanzarematerials.com\\\/es\\\/author\\\/avanzare\\\/\"}]}<\/script>\n<!-- \/ Yoast SEO plugin. -->","yoast_head_json":{"title":"El Comit\u00e9 de seguimiento FEDER, ADER, El Ministerio de Hacienda y EU Regio Portugal y Espa\u00f1a visitan las instalaciones de Avanzare - Avanzare Materials","description":"Con motivo del Comit\u00e9 de seguimiento, miembros de FEDER, ADER, EU Regio Portugal y Espa\u00f1a y Hacienda, visitaron las instalaciones de Avanzare","robots":{"index":"index","follow":"follow","max-snippet":"max-snippet:-1","max-image-preview":"max-image-preview:large","max-video-preview":"max-video-preview:-1"},"canonical":"https:\/\/www.avanzarematerials.com\/es\/2024\/05\/27\/el-comite-de-seguimiento-feder-ader-el-ministerio-de-hacienda-y-eu-regio-portugal-y-espana-visitan-las-instalaciones-de-avanzare\/","og_locale":"es_ES","og_type":"article","og_title":"El Comit\u00e9 de seguimiento FEDER, ADER, El Ministerio de Hacienda y EU Regio Portugal y Espa\u00f1a visitan las instalaciones de Avanzare - Avanzare Materials","og_description":"Con motivo del Comit\u00e9 de seguimiento, miembros de FEDER, ADER, EU Regio Portugal y Espa\u00f1a y Hacienda, visitaron las instalaciones de Avanzare","og_url":"https:\/\/www.avanzarematerials.com\/es\/2024\/05\/27\/el-comite-de-seguimiento-feder-ader-el-ministerio-de-hacienda-y-eu-regio-portugal-y-espana-visitan-las-instalaciones-de-avanzare\/","og_site_name":"Avanzare Materials","article_published_time":"2024-05-27T08:53:15+00:00","article_modified_time":"2024-10-14T08:17:04+00:00","og_image":[{"width":500,"height":375,"url":"https:\/\/www.avanzarematerials.com\/wp-content\/uploads\/2024\/06\/entrada.png","type":"image\/png"}],"author":"Avanzare Materials","twitter_card":"summary_large_image","twitter_misc":{"Escrito por":"Avanzare Materials","Tiempo de lectura":"3 minutos"},"schema":{"@context":"https:\/\/schema.org","@graph":[{"@type":"Article","@id":"https:\/\/www.avanzarematerials.com\/es\/2024\/05\/27\/el-comite-de-seguimiento-feder-ader-el-ministerio-de-hacienda-y-eu-regio-portugal-y-espana-visitan-las-instalaciones-de-avanzare\/#article","isPartOf":{"@id":"https:\/\/www.avanzarematerials.com\/es\/2024\/05\/27\/el-comite-de-seguimiento-feder-ader-el-ministerio-de-hacienda-y-eu-regio-portugal-y-espana-visitan-las-instalaciones-de-avanzare\/"},"author":{"name":"Avanzare Materials","@id":"https:\/\/www.avanzarematerials.com\/es\/#\/schema\/person\/6df49b68d6e00673c6a6e6d44fa7f255"},"headline":"El Comit\u00e9 de seguimiento FEDER, ADER, El Ministerio de Hacienda y EU Regio Portugal y Espa\u00f1a visitan las instalaciones de Avanzare","datePublished":"2024-05-27T08:53:15+00:00","dateModified":"2024-10-14T08:17:04+00:00","mainEntityOfPage":{"@id":"https:\/\/www.avanzarematerials.com\/es\/2024\/05\/27\/el-comite-de-seguimiento-feder-ader-el-ministerio-de-hacienda-y-eu-regio-portugal-y-espana-visitan-las-instalaciones-de-avanzare\/"},"wordCount":3558,"image":{"@id":"https:\/\/www.avanzarematerials.com\/es\/2024\/05\/27\/el-comite-de-seguimiento-feder-ader-el-ministerio-de-hacienda-y-eu-regio-portugal-y-espana-visitan-las-instalaciones-de-avanzare\/#primaryimage"},"thumbnailUrl":"https:\/\/www.avanzarematerials.com\/wp-content\/uploads\/2024\/06\/entrada.png","articleSection":["Avanzare"],"inLanguage":"es"},{"@type":"WebPage","@id":"https:\/\/www.avanzarematerials.com\/es\/2024\/05\/27\/el-comite-de-seguimiento-feder-ader-el-ministerio-de-hacienda-y-eu-regio-portugal-y-espana-visitan-las-instalaciones-de-avanzare\/","url":"https:\/\/www.avanzarematerials.com\/es\/2024\/05\/27\/el-comite-de-seguimiento-feder-ader-el-ministerio-de-hacienda-y-eu-regio-portugal-y-espana-visitan-las-instalaciones-de-avanzare\/","name":"El Comit\u00e9 de seguimiento FEDER, ADER, El Ministerio de Hacienda y EU Regio Portugal y Espa\u00f1a visitan las instalaciones de Avanzare - Avanzare Materials","isPartOf":{"@id":"https:\/\/www.avanzarematerials.com\/es\/#website"},"primaryImageOfPage":{"@id":"https:\/\/www.avanzarematerials.com\/es\/2024\/05\/27\/el-comite-de-seguimiento-feder-ader-el-ministerio-de-hacienda-y-eu-regio-portugal-y-espana-visitan-las-instalaciones-de-avanzare\/#primaryimage"},"image":{"@id":"https:\/\/www.avanzarematerials.com\/es\/2024\/05\/27\/el-comite-de-seguimiento-feder-ader-el-ministerio-de-hacienda-y-eu-regio-portugal-y-espana-visitan-las-instalaciones-de-avanzare\/#primaryimage"},"thumbnailUrl":"https:\/\/www.avanzarematerials.com\/wp-content\/uploads\/2024\/06\/entrada.png","datePublished":"2024-05-27T08:53:15+00:00","dateModified":"2024-10-14T08:17:04+00:00","author":{"@id":"https:\/\/www.avanzarematerials.com\/es\/#\/schema\/person\/6df49b68d6e00673c6a6e6d44fa7f255"},"description":"Con motivo del Comit\u00e9 de seguimiento, miembros de FEDER, ADER, EU Regio Portugal y Espa\u00f1a y Hacienda, visitaron las instalaciones de Avanzare","breadcrumb":{"@id":"https:\/\/www.avanzarematerials.com\/es\/2024\/05\/27\/el-comite-de-seguimiento-feder-ader-el-ministerio-de-hacienda-y-eu-regio-portugal-y-espana-visitan-las-instalaciones-de-avanzare\/#breadcrumb"},"inLanguage":"es","potentialAction":[{"@type":"ReadAction","target":["https:\/\/www.avanzarematerials.com\/es\/2024\/05\/27\/el-comite-de-seguimiento-feder-ader-el-ministerio-de-hacienda-y-eu-regio-portugal-y-espana-visitan-las-instalaciones-de-avanzare\/"]}]},{"@type":"ImageObject","inLanguage":"es","@id":"https:\/\/www.avanzarematerials.com\/es\/2024\/05\/27\/el-comite-de-seguimiento-feder-ader-el-ministerio-de-hacienda-y-eu-regio-portugal-y-espana-visitan-las-instalaciones-de-avanzare\/#primaryimage","url":"https:\/\/www.avanzarematerials.com\/wp-content\/uploads\/2024\/06\/entrada.png","contentUrl":"https:\/\/www.avanzarematerials.com\/wp-content\/uploads\/2024\/06\/entrada.png","width":500,"height":375,"caption":"FEDER, ADER, Hacienda"},{"@type":"BreadcrumbList","@id":"https:\/\/www.avanzarematerials.com\/es\/2024\/05\/27\/el-comite-de-seguimiento-feder-ader-el-ministerio-de-hacienda-y-eu-regio-portugal-y-espana-visitan-las-instalaciones-de-avanzare\/#breadcrumb","itemListElement":[{"@type":"ListItem","position":1,"name":"Portada","item":"https:\/\/www.avanzarematerials.com\/es\/"},{"@type":"ListItem","position":2,"name":"El Comit\u00e9 de seguimiento FEDER, ADER, El Ministerio de Hacienda y EU Regio Portugal y Espa\u00f1a visitan las instalaciones de Avanzare"}]},{"@type":"WebSite","@id":"https:\/\/www.avanzarematerials.com\/es\/#website","url":"https:\/\/www.avanzarematerials.com\/es\/","name":"Avanzare Materials","description":"Inventing the future","potentialAction":[{"@type":"SearchAction","target":{"@type":"EntryPoint","urlTemplate":"https:\/\/www.avanzarematerials.com\/es\/?s={search_term_string}"},"query-input":{"@type":"PropertyValueSpecification","valueRequired":true,"valueName":"search_term_string"}}],"inLanguage":"es"},{"@type":"Person","@id":"https:\/\/www.avanzarematerials.com\/es\/#\/schema\/person\/6df49b68d6e00673c6a6e6d44fa7f255","name":"Avanzare Materials","image":{"@type":"ImageObject","inLanguage":"es","@id":"https:\/\/secure.gravatar.com\/avatar\/cb247acb5e07165148a4a2a08c6c01c3746d6805f518714ec56b4ab1114c8c90?s=96&d=mm&r=g","url":"https:\/\/secure.gravatar.com\/avatar\/cb247acb5e07165148a4a2a08c6c01c3746d6805f518714ec56b4ab1114c8c90?s=96&d=mm&r=g","contentUrl":"https:\/\/secure.gravatar.com\/avatar\/cb247acb5e07165148a4a2a08c6c01c3746d6805f518714ec56b4ab1114c8c90?s=96&d=mm&r=g","caption":"Avanzare Materials"},"url":"https:\/\/www.avanzarematerials.com\/es\/author\/avanzare\/"}]}},"_links":{"self":[{"href":"https:\/\/www.avanzarematerials.com\/es\/wp-json\/wp\/v2\/posts\/9345","targetHints":{"allow":["GET"]}}],"collection":[{"href":"https:\/\/www.avanzarematerials.com\/es\/wp-json\/wp\/v2\/posts"}],"about":[{"href":"https:\/\/www.avanzarematerials.com\/es\/wp-json\/wp\/v2\/types\/post"}],"author":[{"embeddable":true,"href":"https:\/\/www.avanzarematerials.com\/es\/wp-json\/wp\/v2\/users\/3"}],"replies":[{"embeddable":true,"href":"https:\/\/www.avanzarematerials.com\/es\/wp-json\/wp\/v2\/comments?post=9345"}],"version-history":[{"count":8,"href":"https:\/\/www.avanzarematerials.com\/es\/wp-json\/wp\/v2\/posts\/9345\/revisions"}],"predecessor-version":[{"id":10744,"href":"https:\/\/www.avanzarematerials.com\/es\/wp-json\/wp\/v2\/posts\/9345\/revisions\/10744"}],"wp:featuredmedia":[{"embeddable":true,"href":"https:\/\/www.avanzarematerials.com\/es\/wp-json\/wp\/v2\/media\/9873"}],"wp:attachment":[{"href":"https:\/\/www.avanzarematerials.com\/es\/wp-json\/wp\/v2\/media?parent=9345"}],"wp:term":[{"taxonomy":"category","embeddable":true,"href":"https:\/\/www.avanzarematerials.com\/es\/wp-json\/wp\/v2\/categories?post=9345"},{"taxonomy":"post_tag","embeddable":true,"href":"https:\/\/www.avanzarematerials.com\/es\/wp-json\/wp\/v2\/tags?post=9345"}],"curies":[{"name":"wp","href":"https:\/\/api.w.org\/{rel}","templated":true}]}}