{"id":13558,"date":"2026-03-04T15:26:43","date_gmt":"2026-03-04T14:26:43","guid":{"rendered":"https:\/\/www.avanzarematerials.com\/?p=13558"},"modified":"2026-03-04T15:41:20","modified_gmt":"2026-03-04T14:41:20","slug":"horizonte-europa-reconoce-al-grupo-avanzare-como-referente-en-idi","status":"publish","type":"post","link":"https:\/\/www.avanzarematerials.com\/es\/2026\/03\/04\/horizonte-europa-reconoce-al-grupo-avanzare-como-referente-en-idi\/","title":{"rendered":"Horizonte Europa reconoce al Grupo Avanzare como referente en I+D+i"},"content":{"rendered":"<div class=\"fusion-fullwidth fullwidth-box fusion-builder-row-1 fusion-flex-container has-pattern-background has-mask-background nonhundred-percent-fullwidth non-hundred-percent-height-scrolling\" style=\"--awb-border-radius-top-left:0px;--awb-border-radius-top-right:0px;--awb-border-radius-bottom-right:0px;--awb-border-radius-bottom-left:0px;--awb-flex-wrap:wrap;\" ><div class=\"fusion-builder-row fusion-row fusion-flex-align-items-flex-start fusion-flex-content-wrap\" style=\"max-width:1497.6px;margin-left: calc(-4% \/ 2 );margin-right: calc(-4% \/ 2 );\"><div class=\"fusion-layout-column fusion_builder_column fusion-builder-column-0 fusion_builder_column_1_1 1_1 fusion-flex-column\" style=\"--awb-bg-size:cover;--awb-width-large:100%;--awb-margin-top-large:0px;--awb-spacing-right-large:1.92%;--awb-margin-bottom-large:20px;--awb-spacing-left-large:1.92%;--awb-width-medium:100%;--awb-order-medium:0;--awb-spacing-right-medium:1.92%;--awb-spacing-left-medium:1.92%;--awb-width-small:100%;--awb-order-small:0;--awb-spacing-right-small:1.92%;--awb-spacing-left-small:1.92%;\"><div class=\"fusion-column-wrapper fusion-column-has-shadow fusion-flex-justify-content-flex-start fusion-content-layout-column\"><div class=\"fusion-title title fusion-title-1 fusion-sep-none fusion-title-text fusion-title-size-one\" style=\"--awb-margin-top-small:10px;--awb-margin-right-small:0px;--awb-margin-bottom-small:10px;--awb-margin-left-small:0px;\"><h1 class=\"fusion-title-heading title-heading-left\" style=\"margin:0;\"><h1>Horizonte Europa reconoce al Grupo Avanzare como referente en I+D+i<\/h1><\/h1><\/div><div class=\"fusion-separator fusion-full-width-sep\" style=\"align-self: center;margin-left: auto;margin-right: auto;margin-top:30px;margin-bottom:30px;width:100%;\"><\/div><div class=\"fusion-image-element \" style=\"text-align:left;--awb-caption-title-font-family:var(--h2_typography-font-family);--awb-caption-title-font-weight:var(--h2_typography-font-weight);--awb-caption-title-font-style:var(--h2_typography-font-style);--awb-caption-title-size:var(--h2_typography-font-size);--awb-caption-title-transform:var(--h2_typography-text-transform);--awb-caption-title-line-height:var(--h2_typography-line-height);--awb-caption-title-letter-spacing:var(--h2_typography-letter-spacing);\"><span class=\" fusion-imageframe imageframe-none imageframe-1 hover-type-none\"><img decoding=\"async\" width=\"1675\" height=\"940\" alt=\"Avanzare Innovaci\u00f3n Tecnol\u00f3gica _ CDTI Horizonte Europa\" title=\"Avanzare Innovaci\u00f3n Tecnol\u00f3gica_CDT_Horizonte Europa\" src=\"https:\/\/www.avanzarematerials.com\/wp-content\/uploads\/2026\/03\/Avanzare-Innovacion-Tecnologica_CDT_Horizonte-Europa.jpg\" class=\"img-responsive wp-image-13598\" srcset=\"https:\/\/www.avanzarematerials.com\/wp-content\/uploads\/2026\/03\/Avanzare-Innovacion-Tecnologica_CDT_Horizonte-Europa-200x112.jpg 200w, https:\/\/www.avanzarematerials.com\/wp-content\/uploads\/2026\/03\/Avanzare-Innovacion-Tecnologica_CDT_Horizonte-Europa-400x224.jpg 400w, https:\/\/www.avanzarematerials.com\/wp-content\/uploads\/2026\/03\/Avanzare-Innovacion-Tecnologica_CDT_Horizonte-Europa-600x337.jpg 600w, https:\/\/www.avanzarematerials.com\/wp-content\/uploads\/2026\/03\/Avanzare-Innovacion-Tecnologica_CDT_Horizonte-Europa-800x449.jpg 800w, https:\/\/www.avanzarematerials.com\/wp-content\/uploads\/2026\/03\/Avanzare-Innovacion-Tecnologica_CDT_Horizonte-Europa-1200x673.jpg 1200w, https:\/\/www.avanzarematerials.com\/wp-content\/uploads\/2026\/03\/Avanzare-Innovacion-Tecnologica_CDT_Horizonte-Europa.jpg 1675w\" sizes=\"(max-width: 1024px) 100vw, (max-width: 640px) 100vw, 1675px\" \/><\/span><\/div><div class=\"fusion-separator fusion-full-width-sep\" style=\"align-self: center;margin-left: auto;margin-right: auto;margin-top:20px;margin-bottom:20px;width:100%;\"><\/div><div class=\"fusion-text fusion-text-1\" style=\"--awb-content-alignment:justify;\"><p><em>Fuente: Centro para el Desarrollo Tecnol\u00f3gico y la Innovaci\u00f3n (CDTI), Informe de resultados provisionales de la participaci\u00f3n espa\u00f1ola en Horizonte Europa 2021-2024, 2026.<\/em><\/p>\n<\/div><div class=\"fusion-separator fusion-full-width-sep\" style=\"align-self: center;margin-left: auto;margin-right: auto;margin-top:30px;margin-bottom:30px;width:100%;\"><\/div><div class=\"fusion-text fusion-text-2\" style=\"--awb-content-alignment:justify;\"><p>En <strong>Grupo Avanzare<\/strong> estamos orgullosos de compartir que nuestra empresa ha sido identificada como una de las<strong> entidades destacadas de La Rioja<\/strong> en el marco del <strong>Programa Horizonte Europa<\/strong> durante el <strong>periodo 2021\u20112024<\/strong>. Este reconocimiento se enmarca en los resultados provisionales publicados recientemente por el <strong>Centro para el Desarrollo Tecnol\u00f3gico y la Innovaci\u00f3n (CDTI)<\/strong> sobre la participaci\u00f3n de entidades espa\u00f1olas en este programa europeo de investigaci\u00f3n e innovaci\u00f3n.<\/p>\n<p>Horizonte Europa es el principal programa de la Uni\u00f3n Europea para<strong> impulsar la I+D+i<\/strong>, con un presupuesto total de casi 100.000 millones de euros para el periodo 2021\u20112027. En estos primeros cuatro a\u00f1os (2021\u20112024),<strong> las organizaciones espa\u00f1olas han conseguido m\u00e1s de 4.500 millones de euros en subvenciones<\/strong> para proyectos innovadores y han participado en miles de actividades de investigaci\u00f3n de alto impacto.<\/p>\n<\/div><div class=\"fusion-separator fusion-full-width-sep\" style=\"align-self: center;margin-left: auto;margin-right: auto;margin-top:30px;margin-bottom:30px;width:100%;\"><\/div><div class=\"fusion-title title fusion-title-2 fusion-sep-none fusion-title-text fusion-title-size-two\" style=\"--awb-margin-top-small:10px;--awb-margin-right-small:0px;--awb-margin-bottom-small:10px;--awb-margin-left-small:0px;\"><h2 class=\"fusion-title-heading title-heading-left\" style=\"margin:0;\"><h2>Datos clave de participaci\u00f3n en el Programa Horizonte Europa.<\/h2><\/h2><\/div><div class=\"fusion-text fusion-text-3\" style=\"--awb-content-alignment:justify;\"><p>Durante 2021\u20112024, la <strong>participaci\u00f3n de La Rioja<\/strong> en Horizonte Europa se ha materializado en 16,8 millones de euros adjudicados a <strong>24 entidades<\/strong>, de las cuales 14 son empresas, siendo el 79% PYME, con participaci\u00f3n en <strong>45 actividades de I+D+I<\/strong>, de las cuales 4 fueron coordinadas por entidades de la regi\u00f3n.<\/p>\n<p>En este contexto, <strong>Avanzare Innovaci\u00f3n Tecnol\u00f3gica, S.L<\/strong>. ha destacado por su contribuci\u00f3n, <strong>coordinando 2 de estas actividades (los proyectos THERMOFIRE y REPOXYBLE) y participando en 7 en total<\/strong>, situ\u00e1ndose como una de las<strong> entidades m\u00e1s activas<\/strong> <strong>y relevantes<\/strong> de la regi\u00f3n.<\/p>\n<\/div><div class=\"fusion-separator fusion-full-width-sep\" style=\"align-self: center;margin-left: auto;margin-right: auto;margin-top:20px;margin-bottom:20px;width:100%;\"><\/div><div class=\"fusion-title title fusion-title-3 fusion-sep-none fusion-title-text fusion-title-size-two\" style=\"--awb-margin-top-small:10px;--awb-margin-right-small:0px;--awb-margin-bottom-small:10px;--awb-margin-left-small:0px;\"><h2 class=\"fusion-title-heading title-heading-left\" style=\"margin:0;\"><h2>El motor de nuestro \u00e9xito: el equipo de I+D.<\/h2><\/h2><\/div><div class=\"fusion-separator fusion-full-width-sep\" style=\"align-self: center;margin-left: auto;margin-right: auto;margin-top:5px;margin-bottom:5px;width:100%;\"><\/div><div class=\"fusion-text fusion-text-4\" style=\"--awb-content-alignment:justify;\"><p>Uno de los pilares fundamentales de este logro es el gran trabajo de todo <strong>el equipo de I+D de Avanzare<\/strong>, liderado por la <strong>Dra. Elvira Villaro \u00c1balos, Chief Technology Officer (CTO)<\/strong> del grupo, cuya visi\u00f3n ha permitido consolidar nuestra presencia en proyectos europeos de alto nivel. Gracias a su trabajo, nuestro equipo ha conseguido no solo participar activamente, sino tambi\u00e9n <strong>liderar varias iniciativas estrat\u00e9gicas dentro de Horizonte Europa<\/strong>. Este reconocimiento refleja el compromiso y la excelencia de todo el equipo en el desarrollo de soluciones avanzadas.<\/p>\n<\/div><div class=\"fusion-separator fusion-full-width-sep\" style=\"align-self: center;margin-left: auto;margin-right: auto;margin-top:30px;margin-bottom:30px;width:100%;\"><\/div><div class=\"fusion-image-element \" style=\"--awb-caption-title-font-family:var(--h2_typography-font-family);--awb-caption-title-font-weight:var(--h2_typography-font-weight);--awb-caption-title-font-style:var(--h2_typography-font-style);--awb-caption-title-size:var(--h2_typography-font-size);--awb-caption-title-transform:var(--h2_typography-text-transform);--awb-caption-title-line-height:var(--h2_typography-line-height);--awb-caption-title-letter-spacing:var(--h2_typography-letter-spacing);\"><span class=\" fusion-imageframe imageframe-none imageframe-2 hover-type-none\"><img decoding=\"async\" width=\"700\" height=\"366\" title=\"Proyecto REPOXYBLE\" src=\"https:\/\/www.avanzarematerials.com\/wp-content\/uploads\/2026\/03\/Proyecto-REPOXYBLE-.jpg\" alt class=\"img-responsive wp-image-13590\" srcset=\"https:\/\/www.avanzarematerials.com\/wp-content\/uploads\/2026\/03\/Proyecto-REPOXYBLE--200x105.jpg 200w, https:\/\/www.avanzarematerials.com\/wp-content\/uploads\/2026\/03\/Proyecto-REPOXYBLE--400x209.jpg 400w, https:\/\/www.avanzarematerials.com\/wp-content\/uploads\/2026\/03\/Proyecto-REPOXYBLE--600x314.jpg 600w, https:\/\/www.avanzarematerials.com\/wp-content\/uploads\/2026\/03\/Proyecto-REPOXYBLE-.jpg 700w\" sizes=\"(max-width: 1024px) 100vw, (max-width: 640px) 100vw, 700px\" \/><\/span><\/div><div class=\"fusion-separator fusion-full-width-sep\" style=\"align-self: center;margin-left: auto;margin-right: auto;margin-top:20px;margin-bottom:20px;width:100%;\"><\/div><div class=\"fusion-text fusion-text-5\" style=\"--awb-content-alignment:justify;\"><p><em>Fuente: Imagen propia &#8211; Proyecto REPOXYBLE.<\/em><\/p>\n<\/div><div class=\"fusion-separator fusion-full-width-sep\" style=\"align-self: center;margin-left: auto;margin-right: auto;margin-top:20px;margin-bottom:20px;width:100%;\"><\/div><div class=\"fusion-title title fusion-title-4 fusion-sep-none fusion-title-text fusion-title-size-two\" style=\"--awb-margin-top-small:10px;--awb-margin-right-small:0px;--awb-margin-bottom-small:10px;--awb-margin-left-small:0px;\"><h2 class=\"fusion-title-heading title-heading-left\" style=\"margin:0;\"><h2>\u00bfQu\u00e9 supone este reconocimiento para el Grupo Avanzare?<\/h2><\/h2><\/div><div class=\"fusion-text fusion-text-6\" style=\"--awb-content-alignment:justify;\"><p>Gracias a nuestra implicaci\u00f3n en proyectos europeos, posicionamos a Avanzare como <strong>actor relevante en el ecosistema internacional de innovaci\u00f3n<\/strong>. Este hito visibiliza los esfuerzos de todo el equipo y<strong> refuerza la presencia de La Rioja en el mapa europeo<\/strong> <strong>de la I+D+i.<\/strong><\/p>\n<p>La participaci\u00f3n en Horizonte Europa nos permite<strong> colaborar con socios internacionales<\/strong>, acceder a financiaci\u00f3n europea para proyectos estrat\u00e9gicos y crear sinergias que impulsan la competitividad tecnol\u00f3gica de nuestra empresa y de nuestro entorno.<\/p>\n<\/div><div class=\"fusion-separator fusion-full-width-sep\" style=\"align-self: center;margin-left: auto;margin-right: auto;margin-top:30px;margin-bottom:30px;width:100%;\"><\/div><div class=\"fusion-title title fusion-title-5 fusion-sep-none fusion-title-text fusion-title-size-two\" style=\"--awb-margin-top-small:10px;--awb-margin-right-small:0px;--awb-margin-bottom-small:10px;--awb-margin-left-small:0px;\"><h2 class=\"fusion-title-heading title-heading-left\" style=\"margin:0;\"><h2>Un impulso a la innovaci\u00f3n regional y nacional.<\/h2><\/h2><\/div><div class=\"fusion-text fusion-text-7\" style=\"--awb-content-alignment:justify;\"><p>El impacto de nuestra participaci\u00f3n va m\u00e1s all\u00e1 de los resultados cuantitativos. Formar parte activa de Horizonte Europa implica<strong> consolidar redes de colaboraci\u00f3n internacional<\/strong>, <strong>acceder a conocimiento cient\u00edfico<\/strong> y <strong>reforzar la visibilidad<\/strong> de las capacidades tecnol\u00f3gicas de La Rioja y de Espa\u00f1a en el \u00e1mbito europeo. Adem\u00e1s, genera nuevas oportunidades para atraer talento cualificado e inversi\u00f3n, contribuyendo al crecimiento sostenible y a la competitividad de nuestro entorno.<\/p>\n<p>En definitiva, este reconocimiento<strong> nos impulsa a seguir apostando por la investigaci\u00f3n colaborativa en Europa<\/strong> y a contribuir, desde La Rioja, al fortalecimiento del tejido empresarial.<\/p>\n<\/div><div class=\"fusion-separator fusion-full-width-sep\" style=\"align-self: center;margin-left: auto;margin-right: auto;margin-top:40px;margin-bottom:40px;width:100%;\"><\/div><div class=\"fusion-text fusion-text-8\" style=\"--awb-content-alignment:justify;\"><p><em>Para conocer m\u00e1s, puede consultar la fuente de informaci\u00f3n y el informe completo de resultados publicados por el CDTI en el siguiente enlace:<\/em> <a href=\"https:\/\/www.cdti.es\/noticias\/espana-consolida-posicion-participacion-horizonte-europa-2021-2024-cdti\">https:\/\/www.cdti.es\/noticias\/espana-consolida-posicion-participacion-horizonte-europa-2021-2024-cdti\u00a0<\/a><\/p>\n<\/div><\/div><\/div><\/div><\/div>\n","protected":false},"excerpt":{"rendered":"","protected":false},"author":3,"featured_media":13606,"comment_status":"closed","ping_status":"open","sticky":false,"template":"","format":"standard","meta":{"footnotes":""},"categories":[6],"tags":[829,818,592,821,836,835],"class_list":["post-13558","post","type-post","status-publish","format-standard","has-post-thumbnail","hentry","category-avanzare","tag-cdti-es","tag-id","tag-innovacion","tag-proyecto-europeo","tag-repoxyble","tag-thermofire"],"yoast_head":"<!-- This site is optimized with the Yoast SEO plugin v27.4 - https:\/\/yoast.com\/product\/yoast-seo-wordpress\/ -->\n<title>Horizonte Europa reconoce al Grupo Avanzare como referente en I+D+i - Avanzare Materials<\/title>\n<meta name=\"robots\" content=\"index, follow, max-snippet:-1, max-image-preview:large, max-video-preview:-1\" \/>\n<link rel=\"canonical\" href=\"https:\/\/www.avanzarematerials.com\/es\/2026\/03\/04\/horizonte-europa-reconoce-al-grupo-avanzare-como-referente-en-idi\/\" \/>\n<meta property=\"og:locale\" content=\"es_ES\" \/>\n<meta property=\"og:type\" content=\"article\" \/>\n<meta property=\"og:title\" content=\"Horizonte Europa reconoce al Grupo Avanzare como referente en I+D+i - Avanzare Materials\" \/>\n<meta property=\"og:url\" content=\"https:\/\/www.avanzarematerials.com\/es\/2026\/03\/04\/horizonte-europa-reconoce-al-grupo-avanzare-como-referente-en-idi\/\" \/>\n<meta property=\"og:site_name\" content=\"Avanzare Materials\" \/>\n<meta property=\"article:published_time\" content=\"2026-03-04T14:26:43+00:00\" \/>\n<meta property=\"article:modified_time\" content=\"2026-03-04T14:41:20+00:00\" \/>\n<meta property=\"og:image\" content=\"https:\/\/www.avanzarematerials.com\/wp-content\/uploads\/2026\/03\/Horizonte-Europa-Grupo-Avanzare.jpg\" \/>\n\t<meta property=\"og:image:width\" content=\"700\" \/>\n\t<meta property=\"og:image:height\" content=\"366\" \/>\n\t<meta property=\"og:image:type\" content=\"image\/jpeg\" \/>\n<meta name=\"author\" content=\"Avanzare Materials\" \/>\n<meta name=\"twitter:card\" content=\"summary_large_image\" \/>\n<meta name=\"twitter:label1\" content=\"Escrito por\" \/>\n\t<meta name=\"twitter:data1\" content=\"Avanzare Materials\" \/>\n\t<meta name=\"twitter:label2\" content=\"Tiempo de lectura\" \/>\n\t<meta name=\"twitter:data2\" content=\"4 minutos\" \/>\n<script type=\"application\/ld+json\" class=\"yoast-schema-graph\">{\"@context\":\"https:\\\/\\\/schema.org\",\"@graph\":[{\"@type\":\"Article\",\"@id\":\"https:\\\/\\\/www.avanzarematerials.com\\\/es\\\/2026\\\/03\\\/04\\\/horizonte-europa-reconoce-al-grupo-avanzare-como-referente-en-idi\\\/#article\",\"isPartOf\":{\"@id\":\"https:\\\/\\\/www.avanzarematerials.com\\\/es\\\/2026\\\/03\\\/04\\\/horizonte-europa-reconoce-al-grupo-avanzare-como-referente-en-idi\\\/\"},\"author\":{\"name\":\"Avanzare Materials\",\"@id\":\"https:\\\/\\\/www.avanzarematerials.com\\\/#\\\/schema\\\/person\\\/6df49b68d6e00673c6a6e6d44fa7f255\"},\"headline\":\"Horizonte Europa reconoce al Grupo Avanzare como referente en I+D+i\",\"datePublished\":\"2026-03-04T14:26:43+00:00\",\"dateModified\":\"2026-03-04T14:41:20+00:00\",\"mainEntityOfPage\":{\"@id\":\"https:\\\/\\\/www.avanzarematerials.com\\\/es\\\/2026\\\/03\\\/04\\\/horizonte-europa-reconoce-al-grupo-avanzare-como-referente-en-idi\\\/\"},\"wordCount\":4973,\"image\":{\"@id\":\"https:\\\/\\\/www.avanzarematerials.com\\\/es\\\/2026\\\/03\\\/04\\\/horizonte-europa-reconoce-al-grupo-avanzare-como-referente-en-idi\\\/#primaryimage\"},\"thumbnailUrl\":\"https:\\\/\\\/www.avanzarematerials.com\\\/wp-content\\\/uploads\\\/2026\\\/03\\\/Horizonte-Europa-Grupo-Avanzare.jpg\",\"keywords\":[\"CDTI\",\"I+D\",\"Innovaci\u00f3n\",\"Proyecto Europeo\",\"REPOXYBLE\",\"THERMOFIRE\"],\"articleSection\":[\"Avanzare\"],\"inLanguage\":\"es\"},{\"@type\":\"WebPage\",\"@id\":\"https:\\\/\\\/www.avanzarematerials.com\\\/es\\\/2026\\\/03\\\/04\\\/horizonte-europa-reconoce-al-grupo-avanzare-como-referente-en-idi\\\/\",\"url\":\"https:\\\/\\\/www.avanzarematerials.com\\\/es\\\/2026\\\/03\\\/04\\\/horizonte-europa-reconoce-al-grupo-avanzare-como-referente-en-idi\\\/\",\"name\":\"Horizonte Europa reconoce al Grupo Avanzare como referente en I+D+i - Avanzare Materials\",\"isPartOf\":{\"@id\":\"https:\\\/\\\/www.avanzarematerials.com\\\/#website\"},\"primaryImageOfPage\":{\"@id\":\"https:\\\/\\\/www.avanzarematerials.com\\\/es\\\/2026\\\/03\\\/04\\\/horizonte-europa-reconoce-al-grupo-avanzare-como-referente-en-idi\\\/#primaryimage\"},\"image\":{\"@id\":\"https:\\\/\\\/www.avanzarematerials.com\\\/es\\\/2026\\\/03\\\/04\\\/horizonte-europa-reconoce-al-grupo-avanzare-como-referente-en-idi\\\/#primaryimage\"},\"thumbnailUrl\":\"https:\\\/\\\/www.avanzarematerials.com\\\/wp-content\\\/uploads\\\/2026\\\/03\\\/Horizonte-Europa-Grupo-Avanzare.jpg\",\"datePublished\":\"2026-03-04T14:26:43+00:00\",\"dateModified\":\"2026-03-04T14:41:20+00:00\",\"author\":{\"@id\":\"https:\\\/\\\/www.avanzarematerials.com\\\/#\\\/schema\\\/person\\\/6df49b68d6e00673c6a6e6d44fa7f255\"},\"breadcrumb\":{\"@id\":\"https:\\\/\\\/www.avanzarematerials.com\\\/es\\\/2026\\\/03\\\/04\\\/horizonte-europa-reconoce-al-grupo-avanzare-como-referente-en-idi\\\/#breadcrumb\"},\"inLanguage\":\"es\",\"potentialAction\":[{\"@type\":\"ReadAction\",\"target\":[\"https:\\\/\\\/www.avanzarematerials.com\\\/es\\\/2026\\\/03\\\/04\\\/horizonte-europa-reconoce-al-grupo-avanzare-como-referente-en-idi\\\/\"]}]},{\"@type\":\"ImageObject\",\"inLanguage\":\"es\",\"@id\":\"https:\\\/\\\/www.avanzarematerials.com\\\/es\\\/2026\\\/03\\\/04\\\/horizonte-europa-reconoce-al-grupo-avanzare-como-referente-en-idi\\\/#primaryimage\",\"url\":\"https:\\\/\\\/www.avanzarematerials.com\\\/wp-content\\\/uploads\\\/2026\\\/03\\\/Horizonte-Europa-Grupo-Avanzare.jpg\",\"contentUrl\":\"https:\\\/\\\/www.avanzarematerials.com\\\/wp-content\\\/uploads\\\/2026\\\/03\\\/Horizonte-Europa-Grupo-Avanzare.jpg\",\"width\":700,\"height\":366},{\"@type\":\"BreadcrumbList\",\"@id\":\"https:\\\/\\\/www.avanzarematerials.com\\\/es\\\/2026\\\/03\\\/04\\\/horizonte-europa-reconoce-al-grupo-avanzare-como-referente-en-idi\\\/#breadcrumb\",\"itemListElement\":[{\"@type\":\"ListItem\",\"position\":1,\"name\":\"Portada\",\"item\":\"https:\\\/\\\/www.avanzarematerials.com\\\/es\\\/\"},{\"@type\":\"ListItem\",\"position\":2,\"name\":\"Horizonte Europa reconoce al Grupo Avanzare como referente en I+D+i\"}]},{\"@type\":\"WebSite\",\"@id\":\"https:\\\/\\\/www.avanzarematerials.com\\\/#website\",\"url\":\"https:\\\/\\\/www.avanzarematerials.com\\\/\",\"name\":\"Avanzare Materials\",\"description\":\"Inventing the future\",\"potentialAction\":[{\"@type\":\"SearchAction\",\"target\":{\"@type\":\"EntryPoint\",\"urlTemplate\":\"https:\\\/\\\/www.avanzarematerials.com\\\/?s={search_term_string}\"},\"query-input\":{\"@type\":\"PropertyValueSpecification\",\"valueRequired\":true,\"valueName\":\"search_term_string\"}}],\"inLanguage\":\"es\"},{\"@type\":\"Person\",\"@id\":\"https:\\\/\\\/www.avanzarematerials.com\\\/#\\\/schema\\\/person\\\/6df49b68d6e00673c6a6e6d44fa7f255\",\"name\":\"Avanzare Materials\",\"image\":{\"@type\":\"ImageObject\",\"inLanguage\":\"es\",\"@id\":\"https:\\\/\\\/secure.gravatar.com\\\/avatar\\\/cb247acb5e07165148a4a2a08c6c01c3746d6805f518714ec56b4ab1114c8c90?s=96&d=mm&r=g\",\"url\":\"https:\\\/\\\/secure.gravatar.com\\\/avatar\\\/cb247acb5e07165148a4a2a08c6c01c3746d6805f518714ec56b4ab1114c8c90?s=96&d=mm&r=g\",\"contentUrl\":\"https:\\\/\\\/secure.gravatar.com\\\/avatar\\\/cb247acb5e07165148a4a2a08c6c01c3746d6805f518714ec56b4ab1114c8c90?s=96&d=mm&r=g\",\"caption\":\"Avanzare Materials\"},\"url\":\"https:\\\/\\\/www.avanzarematerials.com\\\/es\\\/author\\\/avanzare\\\/\"}]}<\/script>\n<!-- \/ Yoast SEO plugin. -->","yoast_head_json":{"title":"Horizonte Europa reconoce al Grupo Avanzare como referente en I+D+i - Avanzare Materials","robots":{"index":"index","follow":"follow","max-snippet":"max-snippet:-1","max-image-preview":"max-image-preview:large","max-video-preview":"max-video-preview:-1"},"canonical":"https:\/\/www.avanzarematerials.com\/es\/2026\/03\/04\/horizonte-europa-reconoce-al-grupo-avanzare-como-referente-en-idi\/","og_locale":"es_ES","og_type":"article","og_title":"Horizonte Europa reconoce al Grupo Avanzare como referente en I+D+i - Avanzare Materials","og_url":"https:\/\/www.avanzarematerials.com\/es\/2026\/03\/04\/horizonte-europa-reconoce-al-grupo-avanzare-como-referente-en-idi\/","og_site_name":"Avanzare Materials","article_published_time":"2026-03-04T14:26:43+00:00","article_modified_time":"2026-03-04T14:41:20+00:00","og_image":[{"width":700,"height":366,"url":"https:\/\/www.avanzarematerials.com\/wp-content\/uploads\/2026\/03\/Horizonte-Europa-Grupo-Avanzare.jpg","type":"image\/jpeg"}],"author":"Avanzare Materials","twitter_card":"summary_large_image","twitter_misc":{"Escrito por":"Avanzare Materials","Tiempo de lectura":"4 minutos"},"schema":{"@context":"https:\/\/schema.org","@graph":[{"@type":"Article","@id":"https:\/\/www.avanzarematerials.com\/es\/2026\/03\/04\/horizonte-europa-reconoce-al-grupo-avanzare-como-referente-en-idi\/#article","isPartOf":{"@id":"https:\/\/www.avanzarematerials.com\/es\/2026\/03\/04\/horizonte-europa-reconoce-al-grupo-avanzare-como-referente-en-idi\/"},"author":{"name":"Avanzare Materials","@id":"https:\/\/www.avanzarematerials.com\/#\/schema\/person\/6df49b68d6e00673c6a6e6d44fa7f255"},"headline":"Horizonte Europa reconoce al Grupo Avanzare como referente en I+D+i","datePublished":"2026-03-04T14:26:43+00:00","dateModified":"2026-03-04T14:41:20+00:00","mainEntityOfPage":{"@id":"https:\/\/www.avanzarematerials.com\/es\/2026\/03\/04\/horizonte-europa-reconoce-al-grupo-avanzare-como-referente-en-idi\/"},"wordCount":4973,"image":{"@id":"https:\/\/www.avanzarematerials.com\/es\/2026\/03\/04\/horizonte-europa-reconoce-al-grupo-avanzare-como-referente-en-idi\/#primaryimage"},"thumbnailUrl":"https:\/\/www.avanzarematerials.com\/wp-content\/uploads\/2026\/03\/Horizonte-Europa-Grupo-Avanzare.jpg","keywords":["CDTI","I+D","Innovaci\u00f3n","Proyecto Europeo","REPOXYBLE","THERMOFIRE"],"articleSection":["Avanzare"],"inLanguage":"es"},{"@type":"WebPage","@id":"https:\/\/www.avanzarematerials.com\/es\/2026\/03\/04\/horizonte-europa-reconoce-al-grupo-avanzare-como-referente-en-idi\/","url":"https:\/\/www.avanzarematerials.com\/es\/2026\/03\/04\/horizonte-europa-reconoce-al-grupo-avanzare-como-referente-en-idi\/","name":"Horizonte Europa reconoce al Grupo Avanzare como referente en I+D+i - Avanzare Materials","isPartOf":{"@id":"https:\/\/www.avanzarematerials.com\/#website"},"primaryImageOfPage":{"@id":"https:\/\/www.avanzarematerials.com\/es\/2026\/03\/04\/horizonte-europa-reconoce-al-grupo-avanzare-como-referente-en-idi\/#primaryimage"},"image":{"@id":"https:\/\/www.avanzarematerials.com\/es\/2026\/03\/04\/horizonte-europa-reconoce-al-grupo-avanzare-como-referente-en-idi\/#primaryimage"},"thumbnailUrl":"https:\/\/www.avanzarematerials.com\/wp-content\/uploads\/2026\/03\/Horizonte-Europa-Grupo-Avanzare.jpg","datePublished":"2026-03-04T14:26:43+00:00","dateModified":"2026-03-04T14:41:20+00:00","author":{"@id":"https:\/\/www.avanzarematerials.com\/#\/schema\/person\/6df49b68d6e00673c6a6e6d44fa7f255"},"breadcrumb":{"@id":"https:\/\/www.avanzarematerials.com\/es\/2026\/03\/04\/horizonte-europa-reconoce-al-grupo-avanzare-como-referente-en-idi\/#breadcrumb"},"inLanguage":"es","potentialAction":[{"@type":"ReadAction","target":["https:\/\/www.avanzarematerials.com\/es\/2026\/03\/04\/horizonte-europa-reconoce-al-grupo-avanzare-como-referente-en-idi\/"]}]},{"@type":"ImageObject","inLanguage":"es","@id":"https:\/\/www.avanzarematerials.com\/es\/2026\/03\/04\/horizonte-europa-reconoce-al-grupo-avanzare-como-referente-en-idi\/#primaryimage","url":"https:\/\/www.avanzarematerials.com\/wp-content\/uploads\/2026\/03\/Horizonte-Europa-Grupo-Avanzare.jpg","contentUrl":"https:\/\/www.avanzarematerials.com\/wp-content\/uploads\/2026\/03\/Horizonte-Europa-Grupo-Avanzare.jpg","width":700,"height":366},{"@type":"BreadcrumbList","@id":"https:\/\/www.avanzarematerials.com\/es\/2026\/03\/04\/horizonte-europa-reconoce-al-grupo-avanzare-como-referente-en-idi\/#breadcrumb","itemListElement":[{"@type":"ListItem","position":1,"name":"Portada","item":"https:\/\/www.avanzarematerials.com\/es\/"},{"@type":"ListItem","position":2,"name":"Horizonte Europa reconoce al Grupo Avanzare como referente en I+D+i"}]},{"@type":"WebSite","@id":"https:\/\/www.avanzarematerials.com\/#website","url":"https:\/\/www.avanzarematerials.com\/","name":"Avanzare Materials","description":"Inventing the future","potentialAction":[{"@type":"SearchAction","target":{"@type":"EntryPoint","urlTemplate":"https:\/\/www.avanzarematerials.com\/?s={search_term_string}"},"query-input":{"@type":"PropertyValueSpecification","valueRequired":true,"valueName":"search_term_string"}}],"inLanguage":"es"},{"@type":"Person","@id":"https:\/\/www.avanzarematerials.com\/#\/schema\/person\/6df49b68d6e00673c6a6e6d44fa7f255","name":"Avanzare Materials","image":{"@type":"ImageObject","inLanguage":"es","@id":"https:\/\/secure.gravatar.com\/avatar\/cb247acb5e07165148a4a2a08c6c01c3746d6805f518714ec56b4ab1114c8c90?s=96&d=mm&r=g","url":"https:\/\/secure.gravatar.com\/avatar\/cb247acb5e07165148a4a2a08c6c01c3746d6805f518714ec56b4ab1114c8c90?s=96&d=mm&r=g","contentUrl":"https:\/\/secure.gravatar.com\/avatar\/cb247acb5e07165148a4a2a08c6c01c3746d6805f518714ec56b4ab1114c8c90?s=96&d=mm&r=g","caption":"Avanzare Materials"},"url":"https:\/\/www.avanzarematerials.com\/es\/author\/avanzare\/"}]}},"_links":{"self":[{"href":"https:\/\/www.avanzarematerials.com\/es\/wp-json\/wp\/v2\/posts\/13558","targetHints":{"allow":["GET"]}}],"collection":[{"href":"https:\/\/www.avanzarematerials.com\/es\/wp-json\/wp\/v2\/posts"}],"about":[{"href":"https:\/\/www.avanzarematerials.com\/es\/wp-json\/wp\/v2\/types\/post"}],"author":[{"embeddable":true,"href":"https:\/\/www.avanzarematerials.com\/es\/wp-json\/wp\/v2\/users\/3"}],"replies":[{"embeddable":true,"href":"https:\/\/www.avanzarematerials.com\/es\/wp-json\/wp\/v2\/comments?post=13558"}],"version-history":[{"count":23,"href":"https:\/\/www.avanzarematerials.com\/es\/wp-json\/wp\/v2\/posts\/13558\/revisions"}],"predecessor-version":[{"id":13623,"href":"https:\/\/www.avanzarematerials.com\/es\/wp-json\/wp\/v2\/posts\/13558\/revisions\/13623"}],"wp:featuredmedia":[{"embeddable":true,"href":"https:\/\/www.avanzarematerials.com\/es\/wp-json\/wp\/v2\/media\/13606"}],"wp:attachment":[{"href":"https:\/\/www.avanzarematerials.com\/es\/wp-json\/wp\/v2\/media?parent=13558"}],"wp:term":[{"taxonomy":"category","embeddable":true,"href":"https:\/\/www.avanzarematerials.com\/es\/wp-json\/wp\/v2\/categories?post=13558"},{"taxonomy":"post_tag","embeddable":true,"href":"https:\/\/www.avanzarematerials.com\/es\/wp-json\/wp\/v2\/tags?post=13558"}],"curies":[{"name":"wp","href":"https:\/\/api.w.org\/{rel}","templated":true}]}}