{"id":12833,"date":"2025-10-21T12:20:25","date_gmt":"2025-10-21T10:20:25","guid":{"rendered":"https:\/\/www.avanzarematerials.com\/?p=12833"},"modified":"2025-10-21T12:20:25","modified_gmt":"2025-10-21T10:20:25","slug":"el-grupo-avanzare-refuerza-su-presencia-con-una-inversion-de-10-millones-de-euros-y-la-creacion-de-30-nuevos-puestos-de-trabajo","status":"publish","type":"post","link":"https:\/\/www.avanzarematerials.com\/es\/2025\/10\/21\/el-grupo-avanzare-refuerza-su-presencia-con-una-inversion-de-10-millones-de-euros-y-la-creacion-de-30-nuevos-puestos-de-trabajo\/","title":{"rendered":"El Grupo Avanzare refuerza su presencia con una inversi\u00f3n de 10 millones de euros y la creaci\u00f3n de 30 nuevos puestos de trabajo."},"content":{"rendered":"<div class=\"fusion-fullwidth fullwidth-box fusion-builder-row-1 fusion-flex-container has-pattern-background has-mask-background nonhundred-percent-fullwidth non-hundred-percent-height-scrolling\" style=\"--awb-border-radius-top-left:0px;--awb-border-radius-top-right:0px;--awb-border-radius-bottom-right:0px;--awb-border-radius-bottom-left:0px;--awb-flex-wrap:wrap;\" ><div class=\"fusion-builder-row fusion-row fusion-flex-align-items-flex-start fusion-flex-content-wrap\" style=\"max-width:1497.6px;margin-left: calc(-4% \/ 2 );margin-right: calc(-4% \/ 2 );\"><div class=\"fusion-layout-column fusion_builder_column fusion-builder-column-0 fusion_builder_column_1_1 1_1 fusion-flex-column\" style=\"--awb-bg-size:cover;--awb-width-large:100%;--awb-margin-top-large:0px;--awb-spacing-right-large:1.92%;--awb-margin-bottom-large:20px;--awb-spacing-left-large:1.92%;--awb-width-medium:100%;--awb-order-medium:0;--awb-spacing-right-medium:1.92%;--awb-spacing-left-medium:1.92%;--awb-width-small:100%;--awb-order-small:0;--awb-spacing-right-small:1.92%;--awb-spacing-left-small:1.92%;\"><div class=\"fusion-column-wrapper fusion-column-has-shadow fusion-flex-justify-content-flex-start fusion-content-layout-column\"><div class=\"fusion-title title fusion-title-1 fusion-sep-none fusion-title-text fusion-title-size-one\" style=\"--awb-margin-top-small:10px;--awb-margin-right-small:0px;--awb-margin-bottom-small:10px;--awb-margin-left-small:0px;\"><h1 class=\"fusion-title-heading title-heading-left\" style=\"margin:0;\"><h1>El Grupo Avanzare refuerza su presencia con una inversi\u00f3n de 10 millones de euros y la creaci\u00f3n de 30 nuevos puestos de trabajo<\/h1><\/h1><\/div><div class=\"fusion-separator fusion-full-width-sep\" style=\"align-self: center;margin-left: auto;margin-right: auto;margin-top:30px;margin-bottom:30px;width:100%;\"><\/div><div class=\"fusion-image-element\" style=\"--awb-caption-title-font-family:var(--h2_typography-font-family);--awb-caption-title-font-weight:var(--h2_typography-font-weight);--awb-caption-title-font-style:var(--h2_typography-font-style);--awb-caption-title-size:var(--h2_typography-font-size);--awb-caption-title-transform:var(--h2_typography-text-transform);--awb-caption-title-line-height:var(--h2_typography-line-height);--awb-caption-title-letter-spacing:var(--h2_typography-letter-spacing);\"><span class=\" fusion-imageframe imageframe-none imageframe-1 hover-type-none\"><img decoding=\"async\" width=\"700\" height=\"366\" title=\"Karey\" src=\"https:\/\/www.avanzarematerials.com\/wp-content\/uploads\/2025\/10\/Karey.jpg\" alt class=\"img-responsive wp-image-12842\" srcset=\"https:\/\/www.avanzarematerials.com\/wp-content\/uploads\/2025\/10\/Karey-200x105.jpg 200w, https:\/\/www.avanzarematerials.com\/wp-content\/uploads\/2025\/10\/Karey-400x209.jpg 400w, https:\/\/www.avanzarematerials.com\/wp-content\/uploads\/2025\/10\/Karey-600x314.jpg 600w, https:\/\/www.avanzarematerials.com\/wp-content\/uploads\/2025\/10\/Karey.jpg 700w\" sizes=\"(max-width: 1024px) 100vw, (max-width: 640px) 100vw, 700px\" \/><\/span><\/div><div class=\"fusion-separator fusion-full-width-sep\" style=\"align-self: center;margin-left: auto;margin-right: auto;margin-top:30px;margin-bottom:30px;width:100%;\"><\/div><div class=\"fusion-title title fusion-title-2 fusion-sep-none fusion-title-text fusion-title-size-two\" style=\"--awb-margin-top-small:10px;--awb-margin-right-small:0px;--awb-margin-bottom-small:10px;--awb-margin-left-small:0px;\"><h2 class=\"fusion-title-heading title-heading-left\" style=\"margin:0;\"><h2>Fortaleciendo nuestra capacidad productiva<\/h2><\/h2><\/div><div class=\"fusion-text fusion-text-1\" style=\"--awb-content-alignment:justify;\"><p>En Avanzare, referente europeo en la investigaci\u00f3n, desarrollo y producci\u00f3n de materiales avanzados y aditivos funcionales para pl\u00e1sticos, estamos consolidando nuestra presencia con un ambicioso plan de expansi\u00f3n industrial. Este proyecto, con una inversi\u00f3n global de 10 millones de euros, se desarrollar\u00e1 en tres fases y nos permitir\u00e1 crear m\u00e1s de 30 nuevos puestos de trabajo durante los pr\u00f3ximos tres a\u00f1os.<\/p>\n<p>Tras m\u00e1s de una d\u00e9cada dedicada a la investigaci\u00f3n, desarrollo e innovaci\u00f3n en la industria de los materiales pl\u00e1sticos de altas prestaciones, damos un paso decisivo para fortalecer nuestra capacidad productiva.<\/p>\n<\/div><div class=\"fusion-separator fusion-full-width-sep\" style=\"align-self: center;margin-left: auto;margin-right: auto;margin-top:20px;margin-bottom:20px;width:100%;\"><\/div><div class=\"fusion-title title fusion-title-3 fusion-sep-none fusion-title-text fusion-title-size-two\" style=\"--awb-margin-top-small:10px;--awb-margin-right-small:0px;--awb-margin-bottom-small:10px;--awb-margin-left-small:0px;\"><h2 class=\"fusion-title-heading title-heading-left\" style=\"margin:0;\"><h2>Primera fase: adquisici\u00f3n de Pl\u00e1sticos Karey<\/h2><\/h2><\/div><div class=\"fusion-text fusion-text-2\" style=\"--awb-content-alignment:justify;\"><p>La primera fase de nuestro plan de expansi\u00f3n, ya en ejecuci\u00f3n, ha incluido la adquisici\u00f3n de la unidad productiva de Pl\u00e1sticos Karey, ubicada en Logro\u00f1o, Espa\u00f1a. Esta operaci\u00f3n, con una inversi\u00f3n superior a 4 millones de euros, se centra en la fabricaci\u00f3n de concentrados de aditivos para pl\u00e1sticos desarrollados por nuestro departamento de I+D. En esta etapa inicial, ya hemos incorporado a 10 nuevos profesionales y prevemos alcanzar un total de 15 contrataciones antes de finalizar 2025.<\/p>\n<\/div><div class=\"fusion-separator fusion-full-width-sep\" style=\"align-self: center;margin-left: auto;margin-right: auto;margin-top:20px;margin-bottom:20px;width:100%;\"><\/div><div class=\"fusion-title title fusion-title-4 fusion-sep-none fusion-title-text fusion-title-size-two\" style=\"--awb-margin-top-small:10px;--awb-margin-right-small:0px;--awb-margin-bottom-small:10px;--awb-margin-left-small:0px;\"><h2 class=\"fusion-title-heading title-heading-left\" style=\"margin:0;\"><h2>Segunda fase: producci\u00f3n de masterbatch de grafeno y materiales conductores<\/h2><\/h2><\/div><div class=\"fusion-text fusion-text-3\" style=\"--awb-content-alignment:justify;\"><p>La segunda fase, prevista para finales de 2026, estar\u00e1 orientada a la producci\u00f3n de masterbatch de grafeno y otros materiales conductores en alta concentraci\u00f3n. Este avance nos permitir\u00e1 aumentar significativamente nuestra capacidad productiva y ofrecer mayor cobertura al mercado nacional e internacional, especialmente en sectores estrat\u00e9gicos como la automoci\u00f3n, la construcci\u00f3n y la electr\u00f3nica, altamente demandantes de soluciones con mejores prestaciones t\u00e9cnicas y sostenibles.<\/p>\n<\/div><div class=\"fusion-separator fusion-full-width-sep\" style=\"align-self: center;margin-left: auto;margin-right: auto;margin-top:20px;margin-bottom:20px;width:100%;\"><\/div><div class=\"fusion-title title fusion-title-5 fusion-sep-none fusion-title-text fusion-title-size-two\" style=\"--awb-margin-top-small:10px;--awb-margin-right-small:0px;--awb-margin-bottom-small:10px;--awb-margin-left-small:0px;\"><h2 class=\"fusion-title-heading title-heading-left\" style=\"margin:0;\"><h2>Tercera fase: nueva l\u00ednea de producci\u00f3n y contrataci\u00f3n<\/h2><\/h2><\/div><div class=\"fusion-text fusion-text-4\" style=\"--awb-content-alignment:justify;\"><p>Finalmente, en la tercera fase del proyecto, que se ejecutar\u00e1 a finales de 2027, completaremos la implantaci\u00f3n con el establecimiento de una nueva l\u00ednea de producci\u00f3n y la contrataci\u00f3n del personal necesario.<\/p>\n<p>Para nuestro equipo directivo, esta expansi\u00f3n \u201crefuerza nuestro compromiso con la innovaci\u00f3n, la sostenibilidad y la generaci\u00f3n de empleo de calidad en La Rioja\u201d, adem\u00e1s de representar \u201cun paso decisivo hacia nuestra consolidaci\u00f3n como referente europeo en materiales avanzados\u201d. Con esta nueva etapa de crecimiento, reafirmamos nuestra apuesta por la investigaci\u00f3n y el crecimiento desde La Rioja hacia los mercados internacionales.<\/p>\n<\/div><div class=\"fusion-separator fusion-full-width-sep\" style=\"align-self: center;margin-left: auto;margin-right: auto;margin-top:20px;margin-bottom:20px;width:100%;\"><\/div><div class=\"fusion-title title fusion-title-6 fusion-sep-none fusion-title-text fusion-title-size-two\" style=\"--awb-margin-top-small:10px;--awb-margin-right-small:0px;--awb-margin-bottom-small:10px;--awb-margin-left-small:0px;\"><h2 class=\"fusion-title-heading title-heading-left\" style=\"margin:0;\"><h2>Sobre el Grupo Avanzare<\/h2><\/h2><\/div><div class=\"fusion-text fusion-text-5\" style=\"--awb-content-alignment:justify;\"><p>Fundada en 2004 y con sede en La Rioja, somos una empresa especializada en el desarrollo, producci\u00f3n y comercializaci\u00f3n de materiales funcionales avanzados para aplicaciones emergentes y alternativas a los materiales tradicionales. Nuestro objetivo es generar cambios disruptivos en la industria mediante soluciones de alto rendimiento basadas en nanotecnolog\u00eda, materiales 2D y nuevos materiales emergentes.<\/p>\n<\/div><\/div><\/div><\/div><\/div>\n","protected":false},"excerpt":{"rendered":"","protected":false},"author":3,"featured_media":12842,"comment_status":"closed","ping_status":"open","sticky":false,"template":"","format":"standard","meta":{"footnotes":""},"categories":[6],"tags":[716,718,719,52,717],"class_list":["post-12833","post","type-post","status-publish","format-standard","has-post-thumbnail","hentry","category-avanzare","tag-expansion","tag-inversion","tag-karey-es","tag-plasticos","tag-produccion"],"yoast_head":"<!-- This site is optimized with the Yoast SEO plugin v28.3 - https:\/\/yoast.com\/product\/yoast-seo-wordpress\/ -->\n<title>El Grupo Avanzare refuerza su presencia con una inversi\u00f3n de 10 millones de euros y la creaci\u00f3n de 30 nuevos puestos de trabajo. - Avanzare Materials<\/title>\n<meta name=\"robots\" content=\"index, follow, max-snippet:-1, max-image-preview:large, max-video-preview:-1\" \/>\n<link rel=\"canonical\" href=\"https:\/\/www.avanzarematerials.com\/es\/2025\/10\/21\/el-grupo-avanzare-refuerza-su-presencia-con-una-inversion-de-10-millones-de-euros-y-la-creacion-de-30-nuevos-puestos-de-trabajo\/\" \/>\n<meta property=\"og:locale\" content=\"es_ES\" \/>\n<meta property=\"og:type\" content=\"article\" \/>\n<meta property=\"og:title\" content=\"El Grupo Avanzare refuerza su presencia con una inversi\u00f3n de 10 millones de euros y la creaci\u00f3n de 30 nuevos puestos de trabajo. - Avanzare Materials\" \/>\n<meta property=\"og:url\" content=\"https:\/\/www.avanzarematerials.com\/es\/2025\/10\/21\/el-grupo-avanzare-refuerza-su-presencia-con-una-inversion-de-10-millones-de-euros-y-la-creacion-de-30-nuevos-puestos-de-trabajo\/\" \/>\n<meta property=\"og:site_name\" content=\"Avanzare Materials\" \/>\n<meta property=\"article:published_time\" content=\"2025-10-21T10:20:25+00:00\" \/>\n<meta property=\"og:image\" content=\"https:\/\/www.avanzarematerials.com\/wp-content\/uploads\/2025\/10\/Karey.jpg\" \/>\n\t<meta property=\"og:image:width\" content=\"700\" \/>\n\t<meta property=\"og:image:height\" content=\"366\" \/>\n\t<meta property=\"og:image:type\" content=\"image\/jpeg\" \/>\n<meta name=\"author\" content=\"Avanzare Materials\" \/>\n<meta name=\"twitter:card\" content=\"summary_large_image\" \/>\n<meta name=\"twitter:label1\" content=\"Escrito por\" \/>\n\t<meta name=\"twitter:data1\" content=\"Avanzare Materials\" \/>\n\t<meta name=\"twitter:label2\" content=\"Tiempo de lectura\" \/>\n\t<meta name=\"twitter:data2\" content=\"3 minutos\" \/>\n<script type=\"application\/ld+json\" class=\"yoast-schema-graph\">{\"@context\":\"https:\\\/\\\/schema.org\",\"@graph\":[{\"@type\":\"Article\",\"@id\":\"https:\\\/\\\/www.avanzarematerials.com\\\/es\\\/2025\\\/10\\\/21\\\/el-grupo-avanzare-refuerza-su-presencia-con-una-inversion-de-10-millones-de-euros-y-la-creacion-de-30-nuevos-puestos-de-trabajo\\\/#article\",\"isPartOf\":{\"@id\":\"https:\\\/\\\/www.avanzarematerials.com\\\/es\\\/2025\\\/10\\\/21\\\/el-grupo-avanzare-refuerza-su-presencia-con-una-inversion-de-10-millones-de-euros-y-la-creacion-de-30-nuevos-puestos-de-trabajo\\\/\"},\"author\":{\"name\":\"Avanzare Materials\",\"@id\":\"https:\\\/\\\/www.avanzarematerials.com\\\/es\\\/#\\\/schema\\\/person\\\/6df49b68d6e00673c6a6e6d44fa7f255\"},\"headline\":\"El Grupo Avanzare refuerza su presencia con una inversi\u00f3n de 10 millones de euros y la creaci\u00f3n de 30 nuevos puestos de trabajo.\",\"datePublished\":\"2025-10-21T10:20:25+00:00\",\"mainEntityOfPage\":{\"@id\":\"https:\\\/\\\/www.avanzarematerials.com\\\/es\\\/2025\\\/10\\\/21\\\/el-grupo-avanzare-refuerza-su-presencia-con-una-inversion-de-10-millones-de-euros-y-la-creacion-de-30-nuevos-puestos-de-trabajo\\\/\"},\"wordCount\":4185,\"image\":{\"@id\":\"https:\\\/\\\/www.avanzarematerials.com\\\/es\\\/2025\\\/10\\\/21\\\/el-grupo-avanzare-refuerza-su-presencia-con-una-inversion-de-10-millones-de-euros-y-la-creacion-de-30-nuevos-puestos-de-trabajo\\\/#primaryimage\"},\"thumbnailUrl\":\"https:\\\/\\\/www.avanzarematerials.com\\\/wp-content\\\/uploads\\\/2025\\\/10\\\/Karey.jpg\",\"keywords\":[\"Expansi\u00f3n\",\"Inversi\u00f3n\",\"Karey\",\"Pl\u00e1sticos\",\"Producci\u00f3n\"],\"articleSection\":[\"Avanzare\"],\"inLanguage\":\"es\"},{\"@type\":\"WebPage\",\"@id\":\"https:\\\/\\\/www.avanzarematerials.com\\\/es\\\/2025\\\/10\\\/21\\\/el-grupo-avanzare-refuerza-su-presencia-con-una-inversion-de-10-millones-de-euros-y-la-creacion-de-30-nuevos-puestos-de-trabajo\\\/\",\"url\":\"https:\\\/\\\/www.avanzarematerials.com\\\/es\\\/2025\\\/10\\\/21\\\/el-grupo-avanzare-refuerza-su-presencia-con-una-inversion-de-10-millones-de-euros-y-la-creacion-de-30-nuevos-puestos-de-trabajo\\\/\",\"name\":\"El Grupo Avanzare refuerza su presencia con una inversi\u00f3n de 10 millones de euros y la creaci\u00f3n de 30 nuevos puestos de trabajo. - Avanzare Materials\",\"isPartOf\":{\"@id\":\"https:\\\/\\\/www.avanzarematerials.com\\\/es\\\/#website\"},\"primaryImageOfPage\":{\"@id\":\"https:\\\/\\\/www.avanzarematerials.com\\\/es\\\/2025\\\/10\\\/21\\\/el-grupo-avanzare-refuerza-su-presencia-con-una-inversion-de-10-millones-de-euros-y-la-creacion-de-30-nuevos-puestos-de-trabajo\\\/#primaryimage\"},\"image\":{\"@id\":\"https:\\\/\\\/www.avanzarematerials.com\\\/es\\\/2025\\\/10\\\/21\\\/el-grupo-avanzare-refuerza-su-presencia-con-una-inversion-de-10-millones-de-euros-y-la-creacion-de-30-nuevos-puestos-de-trabajo\\\/#primaryimage\"},\"thumbnailUrl\":\"https:\\\/\\\/www.avanzarematerials.com\\\/wp-content\\\/uploads\\\/2025\\\/10\\\/Karey.jpg\",\"datePublished\":\"2025-10-21T10:20:25+00:00\",\"author\":{\"@id\":\"https:\\\/\\\/www.avanzarematerials.com\\\/es\\\/#\\\/schema\\\/person\\\/6df49b68d6e00673c6a6e6d44fa7f255\"},\"breadcrumb\":{\"@id\":\"https:\\\/\\\/www.avanzarematerials.com\\\/es\\\/2025\\\/10\\\/21\\\/el-grupo-avanzare-refuerza-su-presencia-con-una-inversion-de-10-millones-de-euros-y-la-creacion-de-30-nuevos-puestos-de-trabajo\\\/#breadcrumb\"},\"inLanguage\":\"es\",\"potentialAction\":[{\"@type\":\"ReadAction\",\"target\":[\"https:\\\/\\\/www.avanzarematerials.com\\\/es\\\/2025\\\/10\\\/21\\\/el-grupo-avanzare-refuerza-su-presencia-con-una-inversion-de-10-millones-de-euros-y-la-creacion-de-30-nuevos-puestos-de-trabajo\\\/\"]}]},{\"@type\":\"ImageObject\",\"inLanguage\":\"es\",\"@id\":\"https:\\\/\\\/www.avanzarematerials.com\\\/es\\\/2025\\\/10\\\/21\\\/el-grupo-avanzare-refuerza-su-presencia-con-una-inversion-de-10-millones-de-euros-y-la-creacion-de-30-nuevos-puestos-de-trabajo\\\/#primaryimage\",\"url\":\"https:\\\/\\\/www.avanzarematerials.com\\\/wp-content\\\/uploads\\\/2025\\\/10\\\/Karey.jpg\",\"contentUrl\":\"https:\\\/\\\/www.avanzarematerials.com\\\/wp-content\\\/uploads\\\/2025\\\/10\\\/Karey.jpg\",\"width\":700,\"height\":366},{\"@type\":\"BreadcrumbList\",\"@id\":\"https:\\\/\\\/www.avanzarematerials.com\\\/es\\\/2025\\\/10\\\/21\\\/el-grupo-avanzare-refuerza-su-presencia-con-una-inversion-de-10-millones-de-euros-y-la-creacion-de-30-nuevos-puestos-de-trabajo\\\/#breadcrumb\",\"itemListElement\":[{\"@type\":\"ListItem\",\"position\":1,\"name\":\"Portada\",\"item\":\"https:\\\/\\\/www.avanzarematerials.com\\\/es\\\/\"},{\"@type\":\"ListItem\",\"position\":2,\"name\":\"El Grupo Avanzare refuerza su presencia con una inversi\u00f3n de 10 millones de euros y la creaci\u00f3n de 30 nuevos puestos de trabajo.\"}]},{\"@type\":\"WebSite\",\"@id\":\"https:\\\/\\\/www.avanzarematerials.com\\\/es\\\/#website\",\"url\":\"https:\\\/\\\/www.avanzarematerials.com\\\/es\\\/\",\"name\":\"Avanzare Materials\",\"description\":\"Inventing the future\",\"potentialAction\":[{\"@type\":\"SearchAction\",\"target\":{\"@type\":\"EntryPoint\",\"urlTemplate\":\"https:\\\/\\\/www.avanzarematerials.com\\\/es\\\/?s={search_term_string}\"},\"query-input\":{\"@type\":\"PropertyValueSpecification\",\"valueRequired\":true,\"valueName\":\"search_term_string\"}}],\"inLanguage\":\"es\"},{\"@type\":\"Person\",\"@id\":\"https:\\\/\\\/www.avanzarematerials.com\\\/es\\\/#\\\/schema\\\/person\\\/6df49b68d6e00673c6a6e6d44fa7f255\",\"name\":\"Avanzare Materials\",\"image\":{\"@type\":\"ImageObject\",\"inLanguage\":\"es\",\"@id\":\"https:\\\/\\\/secure.gravatar.com\\\/avatar\\\/cb247acb5e07165148a4a2a08c6c01c3746d6805f518714ec56b4ab1114c8c90?s=96&d=mm&r=g\",\"url\":\"https:\\\/\\\/secure.gravatar.com\\\/avatar\\\/cb247acb5e07165148a4a2a08c6c01c3746d6805f518714ec56b4ab1114c8c90?s=96&d=mm&r=g\",\"contentUrl\":\"https:\\\/\\\/secure.gravatar.com\\\/avatar\\\/cb247acb5e07165148a4a2a08c6c01c3746d6805f518714ec56b4ab1114c8c90?s=96&d=mm&r=g\",\"caption\":\"Avanzare Materials\"},\"url\":\"https:\\\/\\\/www.avanzarematerials.com\\\/es\\\/author\\\/avanzare\\\/\"}]}<\/script>\n<!-- \/ Yoast SEO plugin. -->","yoast_head_json":{"title":"El Grupo Avanzare refuerza su presencia con una inversi\u00f3n de 10 millones de euros y la creaci\u00f3n de 30 nuevos puestos de trabajo. - Avanzare Materials","robots":{"index":"index","follow":"follow","max-snippet":"max-snippet:-1","max-image-preview":"max-image-preview:large","max-video-preview":"max-video-preview:-1"},"canonical":"https:\/\/www.avanzarematerials.com\/es\/2025\/10\/21\/el-grupo-avanzare-refuerza-su-presencia-con-una-inversion-de-10-millones-de-euros-y-la-creacion-de-30-nuevos-puestos-de-trabajo\/","og_locale":"es_ES","og_type":"article","og_title":"El Grupo Avanzare refuerza su presencia con una inversi\u00f3n de 10 millones de euros y la creaci\u00f3n de 30 nuevos puestos de trabajo. - Avanzare Materials","og_url":"https:\/\/www.avanzarematerials.com\/es\/2025\/10\/21\/el-grupo-avanzare-refuerza-su-presencia-con-una-inversion-de-10-millones-de-euros-y-la-creacion-de-30-nuevos-puestos-de-trabajo\/","og_site_name":"Avanzare Materials","article_published_time":"2025-10-21T10:20:25+00:00","og_image":[{"width":700,"height":366,"url":"https:\/\/www.avanzarematerials.com\/wp-content\/uploads\/2025\/10\/Karey.jpg","type":"image\/jpeg"}],"author":"Avanzare Materials","twitter_card":"summary_large_image","twitter_misc":{"Escrito por":"Avanzare Materials","Tiempo de lectura":"3 minutos"},"schema":{"@context":"https:\/\/schema.org","@graph":[{"@type":"Article","@id":"https:\/\/www.avanzarematerials.com\/es\/2025\/10\/21\/el-grupo-avanzare-refuerza-su-presencia-con-una-inversion-de-10-millones-de-euros-y-la-creacion-de-30-nuevos-puestos-de-trabajo\/#article","isPartOf":{"@id":"https:\/\/www.avanzarematerials.com\/es\/2025\/10\/21\/el-grupo-avanzare-refuerza-su-presencia-con-una-inversion-de-10-millones-de-euros-y-la-creacion-de-30-nuevos-puestos-de-trabajo\/"},"author":{"name":"Avanzare Materials","@id":"https:\/\/www.avanzarematerials.com\/es\/#\/schema\/person\/6df49b68d6e00673c6a6e6d44fa7f255"},"headline":"El Grupo Avanzare refuerza su presencia con una inversi\u00f3n de 10 millones de euros y la creaci\u00f3n de 30 nuevos puestos de trabajo.","datePublished":"2025-10-21T10:20:25+00:00","mainEntityOfPage":{"@id":"https:\/\/www.avanzarematerials.com\/es\/2025\/10\/21\/el-grupo-avanzare-refuerza-su-presencia-con-una-inversion-de-10-millones-de-euros-y-la-creacion-de-30-nuevos-puestos-de-trabajo\/"},"wordCount":4185,"image":{"@id":"https:\/\/www.avanzarematerials.com\/es\/2025\/10\/21\/el-grupo-avanzare-refuerza-su-presencia-con-una-inversion-de-10-millones-de-euros-y-la-creacion-de-30-nuevos-puestos-de-trabajo\/#primaryimage"},"thumbnailUrl":"https:\/\/www.avanzarematerials.com\/wp-content\/uploads\/2025\/10\/Karey.jpg","keywords":["Expansi\u00f3n","Inversi\u00f3n","Karey","Pl\u00e1sticos","Producci\u00f3n"],"articleSection":["Avanzare"],"inLanguage":"es"},{"@type":"WebPage","@id":"https:\/\/www.avanzarematerials.com\/es\/2025\/10\/21\/el-grupo-avanzare-refuerza-su-presencia-con-una-inversion-de-10-millones-de-euros-y-la-creacion-de-30-nuevos-puestos-de-trabajo\/","url":"https:\/\/www.avanzarematerials.com\/es\/2025\/10\/21\/el-grupo-avanzare-refuerza-su-presencia-con-una-inversion-de-10-millones-de-euros-y-la-creacion-de-30-nuevos-puestos-de-trabajo\/","name":"El Grupo Avanzare refuerza su presencia con una inversi\u00f3n de 10 millones de euros y la creaci\u00f3n de 30 nuevos puestos de trabajo. - Avanzare Materials","isPartOf":{"@id":"https:\/\/www.avanzarematerials.com\/es\/#website"},"primaryImageOfPage":{"@id":"https:\/\/www.avanzarematerials.com\/es\/2025\/10\/21\/el-grupo-avanzare-refuerza-su-presencia-con-una-inversion-de-10-millones-de-euros-y-la-creacion-de-30-nuevos-puestos-de-trabajo\/#primaryimage"},"image":{"@id":"https:\/\/www.avanzarematerials.com\/es\/2025\/10\/21\/el-grupo-avanzare-refuerza-su-presencia-con-una-inversion-de-10-millones-de-euros-y-la-creacion-de-30-nuevos-puestos-de-trabajo\/#primaryimage"},"thumbnailUrl":"https:\/\/www.avanzarematerials.com\/wp-content\/uploads\/2025\/10\/Karey.jpg","datePublished":"2025-10-21T10:20:25+00:00","author":{"@id":"https:\/\/www.avanzarematerials.com\/es\/#\/schema\/person\/6df49b68d6e00673c6a6e6d44fa7f255"},"breadcrumb":{"@id":"https:\/\/www.avanzarematerials.com\/es\/2025\/10\/21\/el-grupo-avanzare-refuerza-su-presencia-con-una-inversion-de-10-millones-de-euros-y-la-creacion-de-30-nuevos-puestos-de-trabajo\/#breadcrumb"},"inLanguage":"es","potentialAction":[{"@type":"ReadAction","target":["https:\/\/www.avanzarematerials.com\/es\/2025\/10\/21\/el-grupo-avanzare-refuerza-su-presencia-con-una-inversion-de-10-millones-de-euros-y-la-creacion-de-30-nuevos-puestos-de-trabajo\/"]}]},{"@type":"ImageObject","inLanguage":"es","@id":"https:\/\/www.avanzarematerials.com\/es\/2025\/10\/21\/el-grupo-avanzare-refuerza-su-presencia-con-una-inversion-de-10-millones-de-euros-y-la-creacion-de-30-nuevos-puestos-de-trabajo\/#primaryimage","url":"https:\/\/www.avanzarematerials.com\/wp-content\/uploads\/2025\/10\/Karey.jpg","contentUrl":"https:\/\/www.avanzarematerials.com\/wp-content\/uploads\/2025\/10\/Karey.jpg","width":700,"height":366},{"@type":"BreadcrumbList","@id":"https:\/\/www.avanzarematerials.com\/es\/2025\/10\/21\/el-grupo-avanzare-refuerza-su-presencia-con-una-inversion-de-10-millones-de-euros-y-la-creacion-de-30-nuevos-puestos-de-trabajo\/#breadcrumb","itemListElement":[{"@type":"ListItem","position":1,"name":"Portada","item":"https:\/\/www.avanzarematerials.com\/es\/"},{"@type":"ListItem","position":2,"name":"El Grupo Avanzare refuerza su presencia con una inversi\u00f3n de 10 millones de euros y la creaci\u00f3n de 30 nuevos puestos de trabajo."}]},{"@type":"WebSite","@id":"https:\/\/www.avanzarematerials.com\/es\/#website","url":"https:\/\/www.avanzarematerials.com\/es\/","name":"Avanzare Materials","description":"Inventing the future","potentialAction":[{"@type":"SearchAction","target":{"@type":"EntryPoint","urlTemplate":"https:\/\/www.avanzarematerials.com\/es\/?s={search_term_string}"},"query-input":{"@type":"PropertyValueSpecification","valueRequired":true,"valueName":"search_term_string"}}],"inLanguage":"es"},{"@type":"Person","@id":"https:\/\/www.avanzarematerials.com\/es\/#\/schema\/person\/6df49b68d6e00673c6a6e6d44fa7f255","name":"Avanzare Materials","image":{"@type":"ImageObject","inLanguage":"es","@id":"https:\/\/secure.gravatar.com\/avatar\/cb247acb5e07165148a4a2a08c6c01c3746d6805f518714ec56b4ab1114c8c90?s=96&d=mm&r=g","url":"https:\/\/secure.gravatar.com\/avatar\/cb247acb5e07165148a4a2a08c6c01c3746d6805f518714ec56b4ab1114c8c90?s=96&d=mm&r=g","contentUrl":"https:\/\/secure.gravatar.com\/avatar\/cb247acb5e07165148a4a2a08c6c01c3746d6805f518714ec56b4ab1114c8c90?s=96&d=mm&r=g","caption":"Avanzare Materials"},"url":"https:\/\/www.avanzarematerials.com\/es\/author\/avanzare\/"}]}},"_links":{"self":[{"href":"https:\/\/www.avanzarematerials.com\/es\/wp-json\/wp\/v2\/posts\/12833","targetHints":{"allow":["GET"]}}],"collection":[{"href":"https:\/\/www.avanzarematerials.com\/es\/wp-json\/wp\/v2\/posts"}],"about":[{"href":"https:\/\/www.avanzarematerials.com\/es\/wp-json\/wp\/v2\/types\/post"}],"author":[{"embeddable":true,"href":"https:\/\/www.avanzarematerials.com\/es\/wp-json\/wp\/v2\/users\/3"}],"replies":[{"embeddable":true,"href":"https:\/\/www.avanzarematerials.com\/es\/wp-json\/wp\/v2\/comments?post=12833"}],"version-history":[{"count":4,"href":"https:\/\/www.avanzarematerials.com\/es\/wp-json\/wp\/v2\/posts\/12833\/revisions"}],"predecessor-version":[{"id":12849,"href":"https:\/\/www.avanzarematerials.com\/es\/wp-json\/wp\/v2\/posts\/12833\/revisions\/12849"}],"wp:featuredmedia":[{"embeddable":true,"href":"https:\/\/www.avanzarematerials.com\/es\/wp-json\/wp\/v2\/media\/12842"}],"wp:attachment":[{"href":"https:\/\/www.avanzarematerials.com\/es\/wp-json\/wp\/v2\/media?parent=12833"}],"wp:term":[{"taxonomy":"category","embeddable":true,"href":"https:\/\/www.avanzarematerials.com\/es\/wp-json\/wp\/v2\/categories?post=12833"},{"taxonomy":"post_tag","embeddable":true,"href":"https:\/\/www.avanzarematerials.com\/es\/wp-json\/wp\/v2\/tags?post=12833"}],"curies":[{"name":"wp","href":"https:\/\/api.w.org\/{rel}","templated":true}]}}