{"id":12010,"date":"2025-04-24T14:00:53","date_gmt":"2025-04-24T12:00:53","guid":{"rendered":"https:\/\/www.avanzarematerials.com\/?p=12010"},"modified":"2025-04-25T12:22:23","modified_gmt":"2025-04-25T10:22:23","slug":"la-delegada-del-gobierno-visita-avanzare-gracias-a-nuestra-actuacion-en-el-marco-del-perte-de-vehiculo-electrico-y-conectado","status":"publish","type":"post","link":"https:\/\/www.avanzarematerials.com\/es\/2025\/04\/24\/la-delegada-del-gobierno-visita-avanzare-gracias-a-nuestra-actuacion-en-el-marco-del-perte-de-vehiculo-electrico-y-conectado\/","title":{"rendered":"La delegada del Gobierno visita Avanzare gracias a nuestra actuaci\u00f3n en el marco del PERTE de Veh\u00edculo El\u00e9ctrico y Conectado"},"content":{"rendered":"<div class=\"fusion-fullwidth fullwidth-box fusion-builder-row-1 fusion-flex-container has-pattern-background has-mask-background nonhundred-percent-fullwidth non-hundred-percent-height-scrolling\" style=\"--awb-border-radius-top-left:0px;--awb-border-radius-top-right:0px;--awb-border-radius-bottom-right:0px;--awb-border-radius-bottom-left:0px;--awb-flex-wrap:wrap;\" ><div class=\"fusion-builder-row fusion-row fusion-flex-align-items-flex-start fusion-flex-content-wrap\" style=\"max-width:1497.6px;margin-left: calc(-4% \/ 2 );margin-right: calc(-4% \/ 2 );\"><div class=\"fusion-layout-column fusion_builder_column fusion-builder-column-0 fusion_builder_column_1_1 1_1 fusion-flex-column\" style=\"--awb-bg-size:cover;--awb-width-large:100%;--awb-margin-top-large:0px;--awb-spacing-right-large:1.92%;--awb-margin-bottom-large:20px;--awb-spacing-left-large:1.92%;--awb-width-medium:100%;--awb-order-medium:0;--awb-spacing-right-medium:1.92%;--awb-spacing-left-medium:1.92%;--awb-width-small:100%;--awb-order-small:0;--awb-spacing-right-small:1.92%;--awb-spacing-left-small:1.92%;\"><div class=\"fusion-column-wrapper fusion-column-has-shadow fusion-flex-justify-content-flex-start fusion-content-layout-column\"><div class=\"fusion-title title fusion-title-1 fusion-sep-none fusion-title-text fusion-title-size-one\" style=\"--awb-margin-top-small:10px;--awb-margin-right-small:0px;--awb-margin-bottom-small:10px;--awb-margin-left-small:0px;\"><h1 class=\"fusion-title-heading title-heading-left\" style=\"margin:0;\"><h1>La delegada del Gobierno visita Avanzare gracias a nuestra actuaci\u00f3n en el marco del PERTE de Veh\u00edculo El\u00e9ctrico y Conectado<\/h1><\/h1><\/div><div class=\"fusion-separator fusion-full-width-sep\" style=\"align-self: center;margin-left: auto;margin-right: auto;margin-top:30px;margin-bottom:30px;width:100%;\"><\/div><div class=\"fusion-image-element\" style=\"--awb-caption-title-font-family:var(--h2_typography-font-family);--awb-caption-title-font-weight:var(--h2_typography-font-weight);--awb-caption-title-font-style:var(--h2_typography-font-style);--awb-caption-title-size:var(--h2_typography-font-size);--awb-caption-title-transform:var(--h2_typography-text-transform);--awb-caption-title-line-height:var(--h2_typography-line-height);--awb-caption-title-letter-spacing:var(--h2_typography-letter-spacing);\"><span class=\" fusion-imageframe imageframe-none imageframe-1 hover-type-none\"><img decoding=\"async\" width=\"700\" height=\"366\" src=\"https:\/\/www.avanzarematerials.com\/wp-content\/uploads\/2025\/04\/2-3.png\" alt class=\"img-responsive wp-image-12041\" srcset=\"https:\/\/www.avanzarematerials.com\/wp-content\/uploads\/2025\/04\/2-3-200x105.png 200w, https:\/\/www.avanzarematerials.com\/wp-content\/uploads\/2025\/04\/2-3-400x209.png 400w, https:\/\/www.avanzarematerials.com\/wp-content\/uploads\/2025\/04\/2-3-600x314.png 600w, https:\/\/www.avanzarematerials.com\/wp-content\/uploads\/2025\/04\/2-3.png 700w\" sizes=\"(max-width: 1024px) 100vw, (max-width: 640px) 100vw, 700px\" \/><\/span><\/div><div class=\"fusion-separator fusion-full-width-sep\" style=\"align-self: center;margin-left: auto;margin-right: auto;margin-top:30px;margin-bottom:30px;width:100%;\"><\/div><div class=\"fusion-text fusion-text-1\" style=\"--awb-content-alignment:justify;\"><p>En Avanzare Innovaci\u00f3n Tecnol\u00f3gica, nos sentimos orgullosos de haber recibido la visita de la <strong>Delegada del Gobierno Beatriz Arraiz Nalda<\/strong>, quien ha podido conocer de primera mano el trabajo que estamos desarrollando dentro del <strong>PERTE del Veh\u00edculo El\u00e9ctrico y Conectado (PERTE VEC I)<\/strong>. Nuestra participaci\u00f3n en esta convocatoria se traduce en dos l\u00edneas de actuaci\u00f3n que reflejan nuestro compromiso con la innovaci\u00f3n, la sostenibilidad y la transformaci\u00f3n de la industria de la movilidad.<\/p>\n<\/div><div class=\"fusion-separator fusion-full-width-sep\" style=\"align-self: center;margin-left: auto;margin-right: auto;margin-top:30px;margin-bottom:30px;width:100%;\"><\/div><div class=\"fusion-title title fusion-title-2 fusion-sep-none fusion-title-text fusion-title-size-two\" style=\"--awb-margin-top-small:10px;--awb-margin-right-small:0px;--awb-margin-bottom-small:10px;--awb-margin-left-small:0px;\"><h2 class=\"fusion-title-heading title-heading-left\" style=\"margin:0;\"><h2>\u00bfEn qu\u00e9 consisten estas l\u00edneas de actuaci\u00f3n?<\/h2><\/h2><\/div><div class=\"fusion-text fusion-text-2\" style=\"--awb-content-alignment:justify;\"><p>La <strong>primera l\u00ednea de trabajo<\/strong>\u00a0se centra en la investigaci\u00f3n y desarrollo de <strong>nuevas soluciones de iluminaci\u00f3n interior para veh\u00edculos el\u00e9ctricos<\/strong>, con el objetivo de integrar sensores capacitivos y de luz en sistemas sin cableado. Actualmente, un veh\u00edculo promedio contiene entre 30 y 60 kilos de cobre en forma de cables; con nuestra soluci\u00f3n, no solo<strong> reducimos ese peso y coste<\/strong>, sino que tambi\u00e9n<strong> facilitamos el reciclaje de componentes pl\u00e1sticos<\/strong>, al eliminar la necesidad de separar materiales met\u00e1licos.<\/p>\n<p>Para lograrlo, hemos desarrollado una t\u00e9cnica propia llamada <a href=\"https:\/\/www.avanzarematerials.com\/es\/2025\/03\/27\/laser-patterning-para-caucho-innovacion-en-la-electronica-flexible\/\"><strong>laser patterning<\/strong><\/a>, que permite crear circuitos conductores directamente sobre una superficie aislante aditivada con materiales graf\u00e9nicos, utilizando un l\u00e1ser. Esta innovaci\u00f3n nos permite eliminar el cableado tradicional y avanzar hacia una mayor eficiencia y sostenibilidad.<\/p>\n<p>En la<strong> segunda l\u00ednea de actuaci\u00f3n<\/strong>, trabajamos en el<strong> desarrollo de componentes estructurales y no estructurales m\u00e1s ligeros<\/strong> que adem\u00e1s incorporan propiedades avanzadas como disipaci\u00f3n t\u00e9rmica, resistencia al fuego y apantallamiento electromagn\u00e9tico. Estas funcionalidades son fundamentales en componentes como la carcasa de la bater\u00eda de los veh\u00edculos el\u00e9ctricos.<\/p>\n<p>En ambos proyectos <strong>estamos utilizando materiales graf\u00e9nicos como el \u00f3xido de grafeno y los nanoplatelets de grafito<\/strong>, que producimos internamente desde hace m\u00e1s de una d\u00e9cada. Nuestra experiencia en la formulaci\u00f3n, escalado y adaptaci\u00f3n de estos materiales a diferentes matrices nos posiciona como un actor clave en el suministro de soluciones tecnol\u00f3gicas para la industria del veh\u00edculo el\u00e9ctrico.<\/p>\n<p>La visita de la Delegada del Gobierno ha sido un<strong> reconocimiento a nuestro esfuerzo<\/strong> constante por liderar la innovaci\u00f3n desde La Rioja hacia un futuro m\u00e1s eficiente en la industria de la automoci\u00f3n.<\/p>\n<\/div><\/div><\/div><\/div><\/div>\n","protected":false},"excerpt":{"rendered":"","protected":false},"author":3,"featured_media":12041,"comment_status":"closed","ping_status":"open","sticky":false,"template":"","format":"standard","meta":{"footnotes":""},"categories":[6],"tags":[520,130],"class_list":["post-12010","post","type-post","status-publish","format-standard","has-post-thumbnail","hentry","category-avanzare","tag-perte-vec-i","tag-vehiculo-electrico"],"yoast_head":"<!-- This site is optimized with the Yoast SEO plugin v28.3 - https:\/\/yoast.com\/product\/yoast-seo-wordpress\/ -->\n<title>La delegada del Gobierno visita Avanzare gracias a nuestra actuaci\u00f3n en el marco del PERTE de Veh\u00edculo El\u00e9ctrico y Conectado - Avanzare Materials<\/title>\n<meta name=\"description\" content=\"\u200bEl laser patterning con grafeno permite la creaci\u00f3n de electr\u00f3nica flexible, incluidos sensores y circuitos, sobre superficies de caucho.\" \/>\n<meta name=\"robots\" content=\"index, follow, max-snippet:-1, max-image-preview:large, max-video-preview:-1\" \/>\n<link rel=\"canonical\" href=\"https:\/\/www.avanzarematerials.com\/es\/2025\/04\/24\/la-delegada-del-gobierno-visita-avanzare-gracias-a-nuestra-actuacion-en-el-marco-del-perte-de-vehiculo-electrico-y-conectado\/\" \/>\n<meta property=\"og:locale\" content=\"es_ES\" \/>\n<meta property=\"og:type\" content=\"article\" \/>\n<meta property=\"og:title\" content=\"La delegada del Gobierno visita Avanzare gracias a nuestra actuaci\u00f3n en el marco del PERTE de Veh\u00edculo El\u00e9ctrico y Conectado - Avanzare Materials\" \/>\n<meta property=\"og:description\" content=\"\u200bEl laser patterning con grafeno permite la creaci\u00f3n de electr\u00f3nica flexible, incluidos sensores y circuitos, sobre superficies de caucho.\" \/>\n<meta property=\"og:url\" content=\"https:\/\/www.avanzarematerials.com\/es\/2025\/04\/24\/la-delegada-del-gobierno-visita-avanzare-gracias-a-nuestra-actuacion-en-el-marco-del-perte-de-vehiculo-electrico-y-conectado\/\" \/>\n<meta property=\"og:site_name\" content=\"Avanzare Materials\" \/>\n<meta property=\"article:published_time\" content=\"2025-04-24T12:00:53+00:00\" \/>\n<meta property=\"article:modified_time\" content=\"2025-04-25T10:22:23+00:00\" \/>\n<meta property=\"og:image\" content=\"https:\/\/www.avanzarematerials.com\/wp-content\/uploads\/2025\/04\/2-3.png\" \/>\n\t<meta property=\"og:image:width\" content=\"700\" \/>\n\t<meta property=\"og:image:height\" content=\"366\" \/>\n\t<meta property=\"og:image:type\" content=\"image\/png\" \/>\n<meta name=\"author\" content=\"Avanzare Materials\" \/>\n<meta name=\"twitter:card\" content=\"summary_large_image\" \/>\n<meta name=\"twitter:label1\" content=\"Escrito por\" \/>\n\t<meta name=\"twitter:data1\" content=\"Avanzare Materials\" \/>\n\t<meta name=\"twitter:label2\" content=\"Tiempo de lectura\" \/>\n\t<meta name=\"twitter:data2\" content=\"3 minutos\" \/>\n<script type=\"application\/ld+json\" class=\"yoast-schema-graph\">{\"@context\":\"https:\\\/\\\/schema.org\",\"@graph\":[{\"@type\":\"Article\",\"@id\":\"https:\\\/\\\/www.avanzarematerials.com\\\/es\\\/2025\\\/04\\\/24\\\/la-delegada-del-gobierno-visita-avanzare-gracias-a-nuestra-actuacion-en-el-marco-del-perte-de-vehiculo-electrico-y-conectado\\\/#article\",\"isPartOf\":{\"@id\":\"https:\\\/\\\/www.avanzarematerials.com\\\/es\\\/2025\\\/04\\\/24\\\/la-delegada-del-gobierno-visita-avanzare-gracias-a-nuestra-actuacion-en-el-marco-del-perte-de-vehiculo-electrico-y-conectado\\\/\"},\"author\":{\"name\":\"Avanzare Materials\",\"@id\":\"https:\\\/\\\/www.avanzarematerials.com\\\/es\\\/#\\\/schema\\\/person\\\/6df49b68d6e00673c6a6e6d44fa7f255\"},\"headline\":\"La delegada del Gobierno visita Avanzare gracias a nuestra actuaci\u00f3n en el marco del PERTE de Veh\u00edculo El\u00e9ctrico y Conectado\",\"datePublished\":\"2025-04-24T12:00:53+00:00\",\"dateModified\":\"2025-04-25T10:22:23+00:00\",\"mainEntityOfPage\":{\"@id\":\"https:\\\/\\\/www.avanzarematerials.com\\\/es\\\/2025\\\/04\\\/24\\\/la-delegada-del-gobierno-visita-avanzare-gracias-a-nuestra-actuacion-en-el-marco-del-perte-de-vehiculo-electrico-y-conectado\\\/\"},\"wordCount\":2311,\"image\":{\"@id\":\"https:\\\/\\\/www.avanzarematerials.com\\\/es\\\/2025\\\/04\\\/24\\\/la-delegada-del-gobierno-visita-avanzare-gracias-a-nuestra-actuacion-en-el-marco-del-perte-de-vehiculo-electrico-y-conectado\\\/#primaryimage\"},\"thumbnailUrl\":\"https:\\\/\\\/www.avanzarematerials.com\\\/wp-content\\\/uploads\\\/2025\\\/04\\\/2-3.png\",\"keywords\":[\"PERTE VEC I\",\"Veh\u00edculo el\u00e9ctrico\"],\"articleSection\":[\"Avanzare\"],\"inLanguage\":\"es\"},{\"@type\":\"WebPage\",\"@id\":\"https:\\\/\\\/www.avanzarematerials.com\\\/es\\\/2025\\\/04\\\/24\\\/la-delegada-del-gobierno-visita-avanzare-gracias-a-nuestra-actuacion-en-el-marco-del-perte-de-vehiculo-electrico-y-conectado\\\/\",\"url\":\"https:\\\/\\\/www.avanzarematerials.com\\\/es\\\/2025\\\/04\\\/24\\\/la-delegada-del-gobierno-visita-avanzare-gracias-a-nuestra-actuacion-en-el-marco-del-perte-de-vehiculo-electrico-y-conectado\\\/\",\"name\":\"La delegada del Gobierno visita Avanzare gracias a nuestra actuaci\u00f3n en el marco del PERTE de Veh\u00edculo El\u00e9ctrico y Conectado - Avanzare Materials\",\"isPartOf\":{\"@id\":\"https:\\\/\\\/www.avanzarematerials.com\\\/es\\\/#website\"},\"primaryImageOfPage\":{\"@id\":\"https:\\\/\\\/www.avanzarematerials.com\\\/es\\\/2025\\\/04\\\/24\\\/la-delegada-del-gobierno-visita-avanzare-gracias-a-nuestra-actuacion-en-el-marco-del-perte-de-vehiculo-electrico-y-conectado\\\/#primaryimage\"},\"image\":{\"@id\":\"https:\\\/\\\/www.avanzarematerials.com\\\/es\\\/2025\\\/04\\\/24\\\/la-delegada-del-gobierno-visita-avanzare-gracias-a-nuestra-actuacion-en-el-marco-del-perte-de-vehiculo-electrico-y-conectado\\\/#primaryimage\"},\"thumbnailUrl\":\"https:\\\/\\\/www.avanzarematerials.com\\\/wp-content\\\/uploads\\\/2025\\\/04\\\/2-3.png\",\"datePublished\":\"2025-04-24T12:00:53+00:00\",\"dateModified\":\"2025-04-25T10:22:23+00:00\",\"author\":{\"@id\":\"https:\\\/\\\/www.avanzarematerials.com\\\/es\\\/#\\\/schema\\\/person\\\/6df49b68d6e00673c6a6e6d44fa7f255\"},\"description\":\"\u200bEl laser patterning con grafeno permite la creaci\u00f3n de electr\u00f3nica flexible, incluidos sensores y circuitos, sobre superficies de caucho.\",\"breadcrumb\":{\"@id\":\"https:\\\/\\\/www.avanzarematerials.com\\\/es\\\/2025\\\/04\\\/24\\\/la-delegada-del-gobierno-visita-avanzare-gracias-a-nuestra-actuacion-en-el-marco-del-perte-de-vehiculo-electrico-y-conectado\\\/#breadcrumb\"},\"inLanguage\":\"es\",\"potentialAction\":[{\"@type\":\"ReadAction\",\"target\":[\"https:\\\/\\\/www.avanzarematerials.com\\\/es\\\/2025\\\/04\\\/24\\\/la-delegada-del-gobierno-visita-avanzare-gracias-a-nuestra-actuacion-en-el-marco-del-perte-de-vehiculo-electrico-y-conectado\\\/\"]}]},{\"@type\":\"ImageObject\",\"inLanguage\":\"es\",\"@id\":\"https:\\\/\\\/www.avanzarematerials.com\\\/es\\\/2025\\\/04\\\/24\\\/la-delegada-del-gobierno-visita-avanzare-gracias-a-nuestra-actuacion-en-el-marco-del-perte-de-vehiculo-electrico-y-conectado\\\/#primaryimage\",\"url\":\"https:\\\/\\\/www.avanzarematerials.com\\\/wp-content\\\/uploads\\\/2025\\\/04\\\/2-3.png\",\"contentUrl\":\"https:\\\/\\\/www.avanzarematerials.com\\\/wp-content\\\/uploads\\\/2025\\\/04\\\/2-3.png\",\"width\":700,\"height\":366},{\"@type\":\"BreadcrumbList\",\"@id\":\"https:\\\/\\\/www.avanzarematerials.com\\\/es\\\/2025\\\/04\\\/24\\\/la-delegada-del-gobierno-visita-avanzare-gracias-a-nuestra-actuacion-en-el-marco-del-perte-de-vehiculo-electrico-y-conectado\\\/#breadcrumb\",\"itemListElement\":[{\"@type\":\"ListItem\",\"position\":1,\"name\":\"Portada\",\"item\":\"https:\\\/\\\/www.avanzarematerials.com\\\/es\\\/\"},{\"@type\":\"ListItem\",\"position\":2,\"name\":\"La delegada del Gobierno visita Avanzare gracias a nuestra actuaci\u00f3n en el marco del PERTE de Veh\u00edculo El\u00e9ctrico y Conectado\"}]},{\"@type\":\"WebSite\",\"@id\":\"https:\\\/\\\/www.avanzarematerials.com\\\/es\\\/#website\",\"url\":\"https:\\\/\\\/www.avanzarematerials.com\\\/es\\\/\",\"name\":\"Avanzare Materials\",\"description\":\"Inventing the future\",\"potentialAction\":[{\"@type\":\"SearchAction\",\"target\":{\"@type\":\"EntryPoint\",\"urlTemplate\":\"https:\\\/\\\/www.avanzarematerials.com\\\/es\\\/?s={search_term_string}\"},\"query-input\":{\"@type\":\"PropertyValueSpecification\",\"valueRequired\":true,\"valueName\":\"search_term_string\"}}],\"inLanguage\":\"es\"},{\"@type\":\"Person\",\"@id\":\"https:\\\/\\\/www.avanzarematerials.com\\\/es\\\/#\\\/schema\\\/person\\\/6df49b68d6e00673c6a6e6d44fa7f255\",\"name\":\"Avanzare Materials\",\"image\":{\"@type\":\"ImageObject\",\"inLanguage\":\"es\",\"@id\":\"https:\\\/\\\/secure.gravatar.com\\\/avatar\\\/cb247acb5e07165148a4a2a08c6c01c3746d6805f518714ec56b4ab1114c8c90?s=96&d=mm&r=g\",\"url\":\"https:\\\/\\\/secure.gravatar.com\\\/avatar\\\/cb247acb5e07165148a4a2a08c6c01c3746d6805f518714ec56b4ab1114c8c90?s=96&d=mm&r=g\",\"contentUrl\":\"https:\\\/\\\/secure.gravatar.com\\\/avatar\\\/cb247acb5e07165148a4a2a08c6c01c3746d6805f518714ec56b4ab1114c8c90?s=96&d=mm&r=g\",\"caption\":\"Avanzare Materials\"},\"url\":\"https:\\\/\\\/www.avanzarematerials.com\\\/es\\\/author\\\/avanzare\\\/\"}]}<\/script>\n<!-- \/ Yoast SEO plugin. -->","yoast_head_json":{"title":"La delegada del Gobierno visita Avanzare gracias a nuestra actuaci\u00f3n en el marco del PERTE de Veh\u00edculo El\u00e9ctrico y Conectado - Avanzare Materials","description":"\u200bEl laser patterning con grafeno permite la creaci\u00f3n de electr\u00f3nica flexible, incluidos sensores y circuitos, sobre superficies de caucho.","robots":{"index":"index","follow":"follow","max-snippet":"max-snippet:-1","max-image-preview":"max-image-preview:large","max-video-preview":"max-video-preview:-1"},"canonical":"https:\/\/www.avanzarematerials.com\/es\/2025\/04\/24\/la-delegada-del-gobierno-visita-avanzare-gracias-a-nuestra-actuacion-en-el-marco-del-perte-de-vehiculo-electrico-y-conectado\/","og_locale":"es_ES","og_type":"article","og_title":"La delegada del Gobierno visita Avanzare gracias a nuestra actuaci\u00f3n en el marco del PERTE de Veh\u00edculo El\u00e9ctrico y Conectado - Avanzare Materials","og_description":"\u200bEl laser patterning con grafeno permite la creaci\u00f3n de electr\u00f3nica flexible, incluidos sensores y circuitos, sobre superficies de caucho.","og_url":"https:\/\/www.avanzarematerials.com\/es\/2025\/04\/24\/la-delegada-del-gobierno-visita-avanzare-gracias-a-nuestra-actuacion-en-el-marco-del-perte-de-vehiculo-electrico-y-conectado\/","og_site_name":"Avanzare Materials","article_published_time":"2025-04-24T12:00:53+00:00","article_modified_time":"2025-04-25T10:22:23+00:00","og_image":[{"width":700,"height":366,"url":"https:\/\/www.avanzarematerials.com\/wp-content\/uploads\/2025\/04\/2-3.png","type":"image\/png"}],"author":"Avanzare Materials","twitter_card":"summary_large_image","twitter_misc":{"Escrito por":"Avanzare Materials","Tiempo de lectura":"3 minutos"},"schema":{"@context":"https:\/\/schema.org","@graph":[{"@type":"Article","@id":"https:\/\/www.avanzarematerials.com\/es\/2025\/04\/24\/la-delegada-del-gobierno-visita-avanzare-gracias-a-nuestra-actuacion-en-el-marco-del-perte-de-vehiculo-electrico-y-conectado\/#article","isPartOf":{"@id":"https:\/\/www.avanzarematerials.com\/es\/2025\/04\/24\/la-delegada-del-gobierno-visita-avanzare-gracias-a-nuestra-actuacion-en-el-marco-del-perte-de-vehiculo-electrico-y-conectado\/"},"author":{"name":"Avanzare Materials","@id":"https:\/\/www.avanzarematerials.com\/es\/#\/schema\/person\/6df49b68d6e00673c6a6e6d44fa7f255"},"headline":"La delegada del Gobierno visita Avanzare gracias a nuestra actuaci\u00f3n en el marco del PERTE de Veh\u00edculo El\u00e9ctrico y Conectado","datePublished":"2025-04-24T12:00:53+00:00","dateModified":"2025-04-25T10:22:23+00:00","mainEntityOfPage":{"@id":"https:\/\/www.avanzarematerials.com\/es\/2025\/04\/24\/la-delegada-del-gobierno-visita-avanzare-gracias-a-nuestra-actuacion-en-el-marco-del-perte-de-vehiculo-electrico-y-conectado\/"},"wordCount":2311,"image":{"@id":"https:\/\/www.avanzarematerials.com\/es\/2025\/04\/24\/la-delegada-del-gobierno-visita-avanzare-gracias-a-nuestra-actuacion-en-el-marco-del-perte-de-vehiculo-electrico-y-conectado\/#primaryimage"},"thumbnailUrl":"https:\/\/www.avanzarematerials.com\/wp-content\/uploads\/2025\/04\/2-3.png","keywords":["PERTE VEC I","Veh\u00edculo el\u00e9ctrico"],"articleSection":["Avanzare"],"inLanguage":"es"},{"@type":"WebPage","@id":"https:\/\/www.avanzarematerials.com\/es\/2025\/04\/24\/la-delegada-del-gobierno-visita-avanzare-gracias-a-nuestra-actuacion-en-el-marco-del-perte-de-vehiculo-electrico-y-conectado\/","url":"https:\/\/www.avanzarematerials.com\/es\/2025\/04\/24\/la-delegada-del-gobierno-visita-avanzare-gracias-a-nuestra-actuacion-en-el-marco-del-perte-de-vehiculo-electrico-y-conectado\/","name":"La delegada del Gobierno visita Avanzare gracias a nuestra actuaci\u00f3n en el marco del PERTE de Veh\u00edculo El\u00e9ctrico y Conectado - Avanzare Materials","isPartOf":{"@id":"https:\/\/www.avanzarematerials.com\/es\/#website"},"primaryImageOfPage":{"@id":"https:\/\/www.avanzarematerials.com\/es\/2025\/04\/24\/la-delegada-del-gobierno-visita-avanzare-gracias-a-nuestra-actuacion-en-el-marco-del-perte-de-vehiculo-electrico-y-conectado\/#primaryimage"},"image":{"@id":"https:\/\/www.avanzarematerials.com\/es\/2025\/04\/24\/la-delegada-del-gobierno-visita-avanzare-gracias-a-nuestra-actuacion-en-el-marco-del-perte-de-vehiculo-electrico-y-conectado\/#primaryimage"},"thumbnailUrl":"https:\/\/www.avanzarematerials.com\/wp-content\/uploads\/2025\/04\/2-3.png","datePublished":"2025-04-24T12:00:53+00:00","dateModified":"2025-04-25T10:22:23+00:00","author":{"@id":"https:\/\/www.avanzarematerials.com\/es\/#\/schema\/person\/6df49b68d6e00673c6a6e6d44fa7f255"},"description":"\u200bEl laser patterning con grafeno permite la creaci\u00f3n de electr\u00f3nica flexible, incluidos sensores y circuitos, sobre superficies de caucho.","breadcrumb":{"@id":"https:\/\/www.avanzarematerials.com\/es\/2025\/04\/24\/la-delegada-del-gobierno-visita-avanzare-gracias-a-nuestra-actuacion-en-el-marco-del-perte-de-vehiculo-electrico-y-conectado\/#breadcrumb"},"inLanguage":"es","potentialAction":[{"@type":"ReadAction","target":["https:\/\/www.avanzarematerials.com\/es\/2025\/04\/24\/la-delegada-del-gobierno-visita-avanzare-gracias-a-nuestra-actuacion-en-el-marco-del-perte-de-vehiculo-electrico-y-conectado\/"]}]},{"@type":"ImageObject","inLanguage":"es","@id":"https:\/\/www.avanzarematerials.com\/es\/2025\/04\/24\/la-delegada-del-gobierno-visita-avanzare-gracias-a-nuestra-actuacion-en-el-marco-del-perte-de-vehiculo-electrico-y-conectado\/#primaryimage","url":"https:\/\/www.avanzarematerials.com\/wp-content\/uploads\/2025\/04\/2-3.png","contentUrl":"https:\/\/www.avanzarematerials.com\/wp-content\/uploads\/2025\/04\/2-3.png","width":700,"height":366},{"@type":"BreadcrumbList","@id":"https:\/\/www.avanzarematerials.com\/es\/2025\/04\/24\/la-delegada-del-gobierno-visita-avanzare-gracias-a-nuestra-actuacion-en-el-marco-del-perte-de-vehiculo-electrico-y-conectado\/#breadcrumb","itemListElement":[{"@type":"ListItem","position":1,"name":"Portada","item":"https:\/\/www.avanzarematerials.com\/es\/"},{"@type":"ListItem","position":2,"name":"La delegada del Gobierno visita Avanzare gracias a nuestra actuaci\u00f3n en el marco del PERTE de Veh\u00edculo El\u00e9ctrico y Conectado"}]},{"@type":"WebSite","@id":"https:\/\/www.avanzarematerials.com\/es\/#website","url":"https:\/\/www.avanzarematerials.com\/es\/","name":"Avanzare Materials","description":"Inventing the future","potentialAction":[{"@type":"SearchAction","target":{"@type":"EntryPoint","urlTemplate":"https:\/\/www.avanzarematerials.com\/es\/?s={search_term_string}"},"query-input":{"@type":"PropertyValueSpecification","valueRequired":true,"valueName":"search_term_string"}}],"inLanguage":"es"},{"@type":"Person","@id":"https:\/\/www.avanzarematerials.com\/es\/#\/schema\/person\/6df49b68d6e00673c6a6e6d44fa7f255","name":"Avanzare Materials","image":{"@type":"ImageObject","inLanguage":"es","@id":"https:\/\/secure.gravatar.com\/avatar\/cb247acb5e07165148a4a2a08c6c01c3746d6805f518714ec56b4ab1114c8c90?s=96&d=mm&r=g","url":"https:\/\/secure.gravatar.com\/avatar\/cb247acb5e07165148a4a2a08c6c01c3746d6805f518714ec56b4ab1114c8c90?s=96&d=mm&r=g","contentUrl":"https:\/\/secure.gravatar.com\/avatar\/cb247acb5e07165148a4a2a08c6c01c3746d6805f518714ec56b4ab1114c8c90?s=96&d=mm&r=g","caption":"Avanzare Materials"},"url":"https:\/\/www.avanzarematerials.com\/es\/author\/avanzare\/"}]}},"_links":{"self":[{"href":"https:\/\/www.avanzarematerials.com\/es\/wp-json\/wp\/v2\/posts\/12010","targetHints":{"allow":["GET"]}}],"collection":[{"href":"https:\/\/www.avanzarematerials.com\/es\/wp-json\/wp\/v2\/posts"}],"about":[{"href":"https:\/\/www.avanzarematerials.com\/es\/wp-json\/wp\/v2\/types\/post"}],"author":[{"embeddable":true,"href":"https:\/\/www.avanzarematerials.com\/es\/wp-json\/wp\/v2\/users\/3"}],"replies":[{"embeddable":true,"href":"https:\/\/www.avanzarematerials.com\/es\/wp-json\/wp\/v2\/comments?post=12010"}],"version-history":[{"count":11,"href":"https:\/\/www.avanzarematerials.com\/es\/wp-json\/wp\/v2\/posts\/12010\/revisions"}],"predecessor-version":[{"id":12056,"href":"https:\/\/www.avanzarematerials.com\/es\/wp-json\/wp\/v2\/posts\/12010\/revisions\/12056"}],"wp:featuredmedia":[{"embeddable":true,"href":"https:\/\/www.avanzarematerials.com\/es\/wp-json\/wp\/v2\/media\/12041"}],"wp:attachment":[{"href":"https:\/\/www.avanzarematerials.com\/es\/wp-json\/wp\/v2\/media?parent=12010"}],"wp:term":[{"taxonomy":"category","embeddable":true,"href":"https:\/\/www.avanzarematerials.com\/es\/wp-json\/wp\/v2\/categories?post=12010"},{"taxonomy":"post_tag","embeddable":true,"href":"https:\/\/www.avanzarematerials.com\/es\/wp-json\/wp\/v2\/tags?post=12010"}],"curies":[{"name":"wp","href":"https:\/\/api.w.org\/{rel}","templated":true}]}}