{"id":11323,"date":"2025-02-13T10:33:02","date_gmt":"2025-02-13T09:33:02","guid":{"rendered":"https:\/\/www.avanzarematerials.com\/?p=11323"},"modified":"2025-02-13T14:44:09","modified_gmt":"2025-02-13T13:44:09","slug":"oenogreen-participa-en-enomaq-la-feria-agroindustrial-de-zaragoza","status":"publish","type":"post","link":"https:\/\/www.avanzarematerials.com\/es\/2025\/02\/13\/oenogreen-participa-en-enomaq-la-feria-agroindustrial-de-zaragoza\/","title":{"rendered":"Oenogreen participa en ENOMAQ, la feria agroindustrial de Zaragoza"},"content":{"rendered":"<div class=\"fusion-fullwidth fullwidth-box fusion-builder-row-1 fusion-flex-container has-pattern-background has-mask-background nonhundred-percent-fullwidth non-hundred-percent-height-scrolling\" style=\"--awb-border-radius-top-left:0px;--awb-border-radius-top-right:0px;--awb-border-radius-bottom-right:0px;--awb-border-radius-bottom-left:0px;--awb-flex-wrap:wrap;\" ><div class=\"fusion-builder-row fusion-row fusion-flex-align-items-flex-start fusion-flex-content-wrap\" style=\"max-width:1497.6px;margin-left: calc(-4% \/ 2 );margin-right: calc(-4% \/ 2 );\"><div class=\"fusion-layout-column fusion_builder_column fusion-builder-column-0 fusion_builder_column_1_1 1_1 fusion-flex-column\" style=\"--awb-bg-size:cover;--awb-width-large:100%;--awb-margin-top-large:0px;--awb-spacing-right-large:1.92%;--awb-margin-bottom-large:20px;--awb-spacing-left-large:1.92%;--awb-width-medium:100%;--awb-order-medium:0;--awb-spacing-right-medium:1.92%;--awb-spacing-left-medium:1.92%;--awb-width-small:100%;--awb-order-small:0;--awb-spacing-right-small:1.92%;--awb-spacing-left-small:1.92%;\"><div class=\"fusion-column-wrapper fusion-column-has-shadow fusion-flex-justify-content-flex-start fusion-content-layout-column\"><div class=\"fusion-title title fusion-title-1 fusion-sep-none fusion-title-text fusion-title-size-one\" style=\"--awb-margin-top-small:10px;--awb-margin-right-small:0px;--awb-margin-bottom-small:10px;--awb-margin-left-small:0px;\"><h1 class=\"fusion-title-heading title-heading-left\" style=\"margin:0;\"><h1>Oenogreen participa en ENOMAQ, la feria agroindustrial de Zaragoza<\/h1><\/h1><\/div><div class=\"fusion-separator fusion-full-width-sep\" style=\"align-self: center;margin-left: auto;margin-right: auto;margin-top:30px;margin-bottom:30px;width:100%;\"><\/div><div class=\"fusion-image-element\" style=\"--awb-caption-title-font-family:var(--h2_typography-font-family);--awb-caption-title-font-weight:var(--h2_typography-font-weight);--awb-caption-title-font-style:var(--h2_typography-font-style);--awb-caption-title-size:var(--h2_typography-font-size);--awb-caption-title-transform:var(--h2_typography-text-transform);--awb-caption-title-line-height:var(--h2_typography-line-height);--awb-caption-title-letter-spacing:var(--h2_typography-letter-spacing);\"><span class=\" fusion-imageframe imageframe-none imageframe-1 hover-type-none\"><img decoding=\"async\" width=\"700\" height=\"366\" title=\"Oenogreeen ENOMAQ\" src=\"https:\/\/www.avanzarematerials.com\/wp-content\/uploads\/2025\/02\/Diseno-sin-titulo-2.png\" alt class=\"img-responsive wp-image-11325\" srcset=\"https:\/\/www.avanzarematerials.com\/wp-content\/uploads\/2025\/02\/Diseno-sin-titulo-2-200x105.png 200w, https:\/\/www.avanzarematerials.com\/wp-content\/uploads\/2025\/02\/Diseno-sin-titulo-2-400x209.png 400w, https:\/\/www.avanzarematerials.com\/wp-content\/uploads\/2025\/02\/Diseno-sin-titulo-2-600x314.png 600w, https:\/\/www.avanzarematerials.com\/wp-content\/uploads\/2025\/02\/Diseno-sin-titulo-2.png 700w\" sizes=\"(max-width: 1024px) 100vw, (max-width: 640px) 100vw, 700px\" \/><\/span><\/div><div class=\"fusion-separator fusion-full-width-sep\" style=\"align-self: center;margin-left: auto;margin-right: auto;margin-top:30px;margin-bottom:30px;width:100%;\"><\/div><div class=\"fusion-text fusion-text-1\" style=\"--awb-content-alignment:justify;\"><p>Del 11 al 13 de febrero de 2025, la Feria de Zaragoza se convierte en el epicentro internacional del sector agroalimentario con la celebraci\u00f3n conjunta de <a href=\"https:\/\/www.feriazaragoza.es\/enomaq\">ENOMAQ, OLEOMAQ y E-BEER<\/a>. Este evento re\u00fane m\u00e1s de 900 expositores con un total de 17 empresas riojanas del sector industrual auxiliar del vino, consolid\u00e1ndose como un evento de gran relevancia para profesionales del sector.<\/p>\n<\/div><div class=\"fusion-separator fusion-full-width-sep\" style=\"align-self: center;margin-left: auto;margin-right: auto;margin-top:30px;margin-bottom:30px;width:100%;\"><\/div><div class=\"fusion-title title fusion-title-2 fusion-sep-none fusion-title-text fusion-title-size-two\" style=\"--awb-margin-top-small:10px;--awb-margin-right-small:0px;--awb-margin-bottom-small:10px;--awb-margin-left-small:0px;\"><h2 class=\"fusion-title-heading title-heading-left\" style=\"margin:0;\"><h2>Oenogreen: Soluciones innovadoras al servicio de en\u00f3logos y bodegas<\/h2><\/h2><\/div><div class=\"fusion-text fusion-text-2\" style=\"--awb-content-alignment:justify;\"><p>En esta edici\u00f3n, <a href=\"https:\/\/oenogreen.com\/\">Oenogreen<\/a>, la unidad de negocio del Grupo Avanzare especializada en productos enol\u00f3gicos y control de fermentaci\u00f3n para bodegas, participa presentando sus productos dedicados a en\u00f3logos y bodegas. La participaci\u00f3n en ENOMAQ 2025 refuerza nuestro compromiso con la innovaci\u00f3n y la sostenibilidad en el sector.<\/p>\n<p>El equipo de Oenogreen est\u00e1 compuesto por doctores en ciencias, en\u00f3logos, qu\u00edmicos, ingenieros y expertos en campo y cultivo, quienes trabajan en conjunto para desarrollar productos y servicios que optimizan los procesos enol\u00f3gicos.<\/p>\n<p>Durante la feria, presentamos una gama de productos dise\u00f1ados para mejorar la calidad y eficiencia en la producci\u00f3n vin\u00edcola. Entre ellos destaca <a href=\"https:\/\/oenogreen.com\/resoul\/\">ReSoul<\/a>, un sistema para evitar la p\u00e9rdida de aromas durante la fermentaci\u00f3n alcoh\u00f3lica a trav\u00e9s de un proceso de enfriamiento controlado, que mantiene la expresi\u00f3n arom\u00e1tica propia y original de cada vino.<\/p>\n<\/div><div class=\"fusion-separator fusion-full-width-sep\" style=\"align-self: center;margin-left: auto;margin-right: auto;margin-top:20px;margin-bottom:20px;width:100%;\"><\/div><div class=\"fusion-title title fusion-title-3 fusion-sep-none fusion-title-text fusion-title-size-two\" style=\"--awb-margin-top-small:10px;--awb-margin-right-small:0px;--awb-margin-bottom-small:10px;--awb-margin-left-small:0px;\"><h2 class=\"fusion-title-heading title-heading-left\" style=\"margin:0;\"><h2>As\u00ed ha sido el primer d\u00eda de Oenogreen en esta jornada<\/h2><\/h2><\/div><div class=\"fusion-text fusion-text-3\" style=\"--awb-content-alignment:justify;\"><p>En Oenogreen hemos dado inicio a una jornada muy especial en ENOMAQ. Desde primera hora, nuestro equipo ha estado compartiendo con los asistentes nuestras soluciones en el sector vitivin\u00edcola.<\/p>\n<p>A continuaci\u00f3n, os invitamos a escuchar la entrevista que hemos tenido con <a href=\"https:\/\/www.ondacero.es\/emisoras\/rioja\/rioja\/\">Onda Cero La Rioja<\/a>, donde Alberto D\u00edez, Responsable Comercial del \u00c1rea Enol\u00f3gica de Oenogreen al frente, cuenta m\u00e1s sobre su d\u00eda en ENOMAQ y el desarrollo de la jornada. \u00a1No os lo perd\u00e1is!<\/p>\n<p><a href=\"https:\/\/www.avanzarematerials.com\/wp-content\/uploads\/2025\/02\/ENTREVISTA_ONDA_CERO_LA_RIOJA_.mp3\">ENTREVISTA_ONDA_CERO_LA_RIOJA_<\/a><\/p>\n<\/div><\/div><\/div><\/div><\/div>\n","protected":false},"excerpt":{"rendered":"","protected":false},"author":3,"featured_media":11325,"comment_status":"closed","ping_status":"open","sticky":false,"template":"","format":"standard","meta":{"footnotes":""},"categories":[6],"tags":[346,345,343,344,347],"class_list":["post-11323","post","type-post","status-publish","format-standard","has-post-thumbnail","hentry","category-avanzare","tag-agroalimentacion","tag-bodegas","tag-enologia","tag-vinicultura","tag-vino"],"yoast_head":"<!-- This site is optimized with the Yoast SEO plugin v28.3 - https:\/\/yoast.com\/product\/yoast-seo-wordpress\/ -->\n<title>Oenogreen participa en ENOMAQ, la feria agroindustrial de Zaragoza - Avanzare Materials<\/title>\n<meta name=\"robots\" content=\"index, follow, max-snippet:-1, max-image-preview:large, max-video-preview:-1\" \/>\n<link rel=\"canonical\" href=\"https:\/\/www.avanzarematerials.com\/es\/2025\/02\/13\/oenogreen-participa-en-enomaq-la-feria-agroindustrial-de-zaragoza\/\" \/>\n<meta property=\"og:locale\" content=\"es_ES\" \/>\n<meta property=\"og:type\" content=\"article\" \/>\n<meta property=\"og:title\" content=\"Oenogreen participa en ENOMAQ, la feria agroindustrial de Zaragoza - Avanzare Materials\" \/>\n<meta property=\"og:url\" content=\"https:\/\/www.avanzarematerials.com\/es\/2025\/02\/13\/oenogreen-participa-en-enomaq-la-feria-agroindustrial-de-zaragoza\/\" \/>\n<meta property=\"og:site_name\" content=\"Avanzare Materials\" \/>\n<meta property=\"article:published_time\" content=\"2025-02-13T09:33:02+00:00\" \/>\n<meta property=\"article:modified_time\" content=\"2025-02-13T13:44:09+00:00\" \/>\n<meta property=\"og:image\" content=\"https:\/\/www.avanzarematerials.com\/wp-content\/uploads\/2025\/02\/Diseno-sin-titulo-2.png\" \/>\n\t<meta property=\"og:image:width\" content=\"700\" \/>\n\t<meta property=\"og:image:height\" content=\"366\" \/>\n\t<meta property=\"og:image:type\" content=\"image\/png\" \/>\n<meta name=\"author\" content=\"Avanzare Materials\" \/>\n<meta name=\"twitter:card\" content=\"summary_large_image\" \/>\n<meta name=\"twitter:label1\" content=\"Escrito por\" \/>\n\t<meta name=\"twitter:data1\" content=\"Avanzare Materials\" \/>\n\t<meta name=\"twitter:label2\" content=\"Tiempo de lectura\" \/>\n\t<meta name=\"twitter:data2\" content=\"2 minutos\" \/>\n<script type=\"application\/ld+json\" class=\"yoast-schema-graph\">{\"@context\":\"https:\\\/\\\/schema.org\",\"@graph\":[{\"@type\":\"Article\",\"@id\":\"https:\\\/\\\/www.avanzarematerials.com\\\/es\\\/2025\\\/02\\\/13\\\/oenogreen-participa-en-enomaq-la-feria-agroindustrial-de-zaragoza\\\/#article\",\"isPartOf\":{\"@id\":\"https:\\\/\\\/www.avanzarematerials.com\\\/es\\\/2025\\\/02\\\/13\\\/oenogreen-participa-en-enomaq-la-feria-agroindustrial-de-zaragoza\\\/\"},\"author\":{\"name\":\"Avanzare Materials\",\"@id\":\"https:\\\/\\\/www.avanzarematerials.com\\\/es\\\/#\\\/schema\\\/person\\\/6df49b68d6e00673c6a6e6d44fa7f255\"},\"headline\":\"Oenogreen participa en ENOMAQ, la feria agroindustrial de Zaragoza\",\"datePublished\":\"2025-02-13T09:33:02+00:00\",\"dateModified\":\"2025-02-13T13:44:09+00:00\",\"mainEntityOfPage\":{\"@id\":\"https:\\\/\\\/www.avanzarematerials.com\\\/es\\\/2025\\\/02\\\/13\\\/oenogreen-participa-en-enomaq-la-feria-agroindustrial-de-zaragoza\\\/\"},\"wordCount\":2553,\"image\":{\"@id\":\"https:\\\/\\\/www.avanzarematerials.com\\\/es\\\/2025\\\/02\\\/13\\\/oenogreen-participa-en-enomaq-la-feria-agroindustrial-de-zaragoza\\\/#primaryimage\"},\"thumbnailUrl\":\"https:\\\/\\\/www.avanzarematerials.com\\\/wp-content\\\/uploads\\\/2025\\\/02\\\/Diseno-sin-titulo-2.png\",\"keywords\":[\"Agroalimentaci\u00f3n\",\"Bodegas\",\"Enolog\u00eda\",\"Vinicultura\",\"Vino\"],\"articleSection\":[\"Avanzare\"],\"inLanguage\":\"es\"},{\"@type\":\"WebPage\",\"@id\":\"https:\\\/\\\/www.avanzarematerials.com\\\/es\\\/2025\\\/02\\\/13\\\/oenogreen-participa-en-enomaq-la-feria-agroindustrial-de-zaragoza\\\/\",\"url\":\"https:\\\/\\\/www.avanzarematerials.com\\\/es\\\/2025\\\/02\\\/13\\\/oenogreen-participa-en-enomaq-la-feria-agroindustrial-de-zaragoza\\\/\",\"name\":\"Oenogreen participa en ENOMAQ, la feria agroindustrial de Zaragoza - Avanzare Materials\",\"isPartOf\":{\"@id\":\"https:\\\/\\\/www.avanzarematerials.com\\\/es\\\/#website\"},\"primaryImageOfPage\":{\"@id\":\"https:\\\/\\\/www.avanzarematerials.com\\\/es\\\/2025\\\/02\\\/13\\\/oenogreen-participa-en-enomaq-la-feria-agroindustrial-de-zaragoza\\\/#primaryimage\"},\"image\":{\"@id\":\"https:\\\/\\\/www.avanzarematerials.com\\\/es\\\/2025\\\/02\\\/13\\\/oenogreen-participa-en-enomaq-la-feria-agroindustrial-de-zaragoza\\\/#primaryimage\"},\"thumbnailUrl\":\"https:\\\/\\\/www.avanzarematerials.com\\\/wp-content\\\/uploads\\\/2025\\\/02\\\/Diseno-sin-titulo-2.png\",\"datePublished\":\"2025-02-13T09:33:02+00:00\",\"dateModified\":\"2025-02-13T13:44:09+00:00\",\"author\":{\"@id\":\"https:\\\/\\\/www.avanzarematerials.com\\\/es\\\/#\\\/schema\\\/person\\\/6df49b68d6e00673c6a6e6d44fa7f255\"},\"breadcrumb\":{\"@id\":\"https:\\\/\\\/www.avanzarematerials.com\\\/es\\\/2025\\\/02\\\/13\\\/oenogreen-participa-en-enomaq-la-feria-agroindustrial-de-zaragoza\\\/#breadcrumb\"},\"inLanguage\":\"es\",\"potentialAction\":[{\"@type\":\"ReadAction\",\"target\":[\"https:\\\/\\\/www.avanzarematerials.com\\\/es\\\/2025\\\/02\\\/13\\\/oenogreen-participa-en-enomaq-la-feria-agroindustrial-de-zaragoza\\\/\"]}]},{\"@type\":\"ImageObject\",\"inLanguage\":\"es\",\"@id\":\"https:\\\/\\\/www.avanzarematerials.com\\\/es\\\/2025\\\/02\\\/13\\\/oenogreen-participa-en-enomaq-la-feria-agroindustrial-de-zaragoza\\\/#primaryimage\",\"url\":\"https:\\\/\\\/www.avanzarematerials.com\\\/wp-content\\\/uploads\\\/2025\\\/02\\\/Diseno-sin-titulo-2.png\",\"contentUrl\":\"https:\\\/\\\/www.avanzarematerials.com\\\/wp-content\\\/uploads\\\/2025\\\/02\\\/Diseno-sin-titulo-2.png\",\"width\":700,\"height\":366},{\"@type\":\"BreadcrumbList\",\"@id\":\"https:\\\/\\\/www.avanzarematerials.com\\\/es\\\/2025\\\/02\\\/13\\\/oenogreen-participa-en-enomaq-la-feria-agroindustrial-de-zaragoza\\\/#breadcrumb\",\"itemListElement\":[{\"@type\":\"ListItem\",\"position\":1,\"name\":\"Portada\",\"item\":\"https:\\\/\\\/www.avanzarematerials.com\\\/es\\\/\"},{\"@type\":\"ListItem\",\"position\":2,\"name\":\"Oenogreen participa en ENOMAQ, la feria agroindustrial de Zaragoza\"}]},{\"@type\":\"WebSite\",\"@id\":\"https:\\\/\\\/www.avanzarematerials.com\\\/es\\\/#website\",\"url\":\"https:\\\/\\\/www.avanzarematerials.com\\\/es\\\/\",\"name\":\"Avanzare Materials\",\"description\":\"Inventing the future\",\"potentialAction\":[{\"@type\":\"SearchAction\",\"target\":{\"@type\":\"EntryPoint\",\"urlTemplate\":\"https:\\\/\\\/www.avanzarematerials.com\\\/es\\\/?s={search_term_string}\"},\"query-input\":{\"@type\":\"PropertyValueSpecification\",\"valueRequired\":true,\"valueName\":\"search_term_string\"}}],\"inLanguage\":\"es\"},{\"@type\":\"Person\",\"@id\":\"https:\\\/\\\/www.avanzarematerials.com\\\/es\\\/#\\\/schema\\\/person\\\/6df49b68d6e00673c6a6e6d44fa7f255\",\"name\":\"Avanzare Materials\",\"image\":{\"@type\":\"ImageObject\",\"inLanguage\":\"es\",\"@id\":\"https:\\\/\\\/secure.gravatar.com\\\/avatar\\\/cb247acb5e07165148a4a2a08c6c01c3746d6805f518714ec56b4ab1114c8c90?s=96&d=mm&r=g\",\"url\":\"https:\\\/\\\/secure.gravatar.com\\\/avatar\\\/cb247acb5e07165148a4a2a08c6c01c3746d6805f518714ec56b4ab1114c8c90?s=96&d=mm&r=g\",\"contentUrl\":\"https:\\\/\\\/secure.gravatar.com\\\/avatar\\\/cb247acb5e07165148a4a2a08c6c01c3746d6805f518714ec56b4ab1114c8c90?s=96&d=mm&r=g\",\"caption\":\"Avanzare Materials\"},\"url\":\"https:\\\/\\\/www.avanzarematerials.com\\\/es\\\/author\\\/avanzare\\\/\"}]}<\/script>\n<!-- \/ Yoast SEO plugin. -->","yoast_head_json":{"title":"Oenogreen participa en ENOMAQ, la feria agroindustrial de Zaragoza - Avanzare Materials","robots":{"index":"index","follow":"follow","max-snippet":"max-snippet:-1","max-image-preview":"max-image-preview:large","max-video-preview":"max-video-preview:-1"},"canonical":"https:\/\/www.avanzarematerials.com\/es\/2025\/02\/13\/oenogreen-participa-en-enomaq-la-feria-agroindustrial-de-zaragoza\/","og_locale":"es_ES","og_type":"article","og_title":"Oenogreen participa en ENOMAQ, la feria agroindustrial de Zaragoza - Avanzare Materials","og_url":"https:\/\/www.avanzarematerials.com\/es\/2025\/02\/13\/oenogreen-participa-en-enomaq-la-feria-agroindustrial-de-zaragoza\/","og_site_name":"Avanzare Materials","article_published_time":"2025-02-13T09:33:02+00:00","article_modified_time":"2025-02-13T13:44:09+00:00","og_image":[{"width":700,"height":366,"url":"https:\/\/www.avanzarematerials.com\/wp-content\/uploads\/2025\/02\/Diseno-sin-titulo-2.png","type":"image\/png"}],"author":"Avanzare Materials","twitter_card":"summary_large_image","twitter_misc":{"Escrito por":"Avanzare Materials","Tiempo de lectura":"2 minutos"},"schema":{"@context":"https:\/\/schema.org","@graph":[{"@type":"Article","@id":"https:\/\/www.avanzarematerials.com\/es\/2025\/02\/13\/oenogreen-participa-en-enomaq-la-feria-agroindustrial-de-zaragoza\/#article","isPartOf":{"@id":"https:\/\/www.avanzarematerials.com\/es\/2025\/02\/13\/oenogreen-participa-en-enomaq-la-feria-agroindustrial-de-zaragoza\/"},"author":{"name":"Avanzare Materials","@id":"https:\/\/www.avanzarematerials.com\/es\/#\/schema\/person\/6df49b68d6e00673c6a6e6d44fa7f255"},"headline":"Oenogreen participa en ENOMAQ, la feria agroindustrial de Zaragoza","datePublished":"2025-02-13T09:33:02+00:00","dateModified":"2025-02-13T13:44:09+00:00","mainEntityOfPage":{"@id":"https:\/\/www.avanzarematerials.com\/es\/2025\/02\/13\/oenogreen-participa-en-enomaq-la-feria-agroindustrial-de-zaragoza\/"},"wordCount":2553,"image":{"@id":"https:\/\/www.avanzarematerials.com\/es\/2025\/02\/13\/oenogreen-participa-en-enomaq-la-feria-agroindustrial-de-zaragoza\/#primaryimage"},"thumbnailUrl":"https:\/\/www.avanzarematerials.com\/wp-content\/uploads\/2025\/02\/Diseno-sin-titulo-2.png","keywords":["Agroalimentaci\u00f3n","Bodegas","Enolog\u00eda","Vinicultura","Vino"],"articleSection":["Avanzare"],"inLanguage":"es"},{"@type":"WebPage","@id":"https:\/\/www.avanzarematerials.com\/es\/2025\/02\/13\/oenogreen-participa-en-enomaq-la-feria-agroindustrial-de-zaragoza\/","url":"https:\/\/www.avanzarematerials.com\/es\/2025\/02\/13\/oenogreen-participa-en-enomaq-la-feria-agroindustrial-de-zaragoza\/","name":"Oenogreen participa en ENOMAQ, la feria agroindustrial de Zaragoza - Avanzare Materials","isPartOf":{"@id":"https:\/\/www.avanzarematerials.com\/es\/#website"},"primaryImageOfPage":{"@id":"https:\/\/www.avanzarematerials.com\/es\/2025\/02\/13\/oenogreen-participa-en-enomaq-la-feria-agroindustrial-de-zaragoza\/#primaryimage"},"image":{"@id":"https:\/\/www.avanzarematerials.com\/es\/2025\/02\/13\/oenogreen-participa-en-enomaq-la-feria-agroindustrial-de-zaragoza\/#primaryimage"},"thumbnailUrl":"https:\/\/www.avanzarematerials.com\/wp-content\/uploads\/2025\/02\/Diseno-sin-titulo-2.png","datePublished":"2025-02-13T09:33:02+00:00","dateModified":"2025-02-13T13:44:09+00:00","author":{"@id":"https:\/\/www.avanzarematerials.com\/es\/#\/schema\/person\/6df49b68d6e00673c6a6e6d44fa7f255"},"breadcrumb":{"@id":"https:\/\/www.avanzarematerials.com\/es\/2025\/02\/13\/oenogreen-participa-en-enomaq-la-feria-agroindustrial-de-zaragoza\/#breadcrumb"},"inLanguage":"es","potentialAction":[{"@type":"ReadAction","target":["https:\/\/www.avanzarematerials.com\/es\/2025\/02\/13\/oenogreen-participa-en-enomaq-la-feria-agroindustrial-de-zaragoza\/"]}]},{"@type":"ImageObject","inLanguage":"es","@id":"https:\/\/www.avanzarematerials.com\/es\/2025\/02\/13\/oenogreen-participa-en-enomaq-la-feria-agroindustrial-de-zaragoza\/#primaryimage","url":"https:\/\/www.avanzarematerials.com\/wp-content\/uploads\/2025\/02\/Diseno-sin-titulo-2.png","contentUrl":"https:\/\/www.avanzarematerials.com\/wp-content\/uploads\/2025\/02\/Diseno-sin-titulo-2.png","width":700,"height":366},{"@type":"BreadcrumbList","@id":"https:\/\/www.avanzarematerials.com\/es\/2025\/02\/13\/oenogreen-participa-en-enomaq-la-feria-agroindustrial-de-zaragoza\/#breadcrumb","itemListElement":[{"@type":"ListItem","position":1,"name":"Portada","item":"https:\/\/www.avanzarematerials.com\/es\/"},{"@type":"ListItem","position":2,"name":"Oenogreen participa en ENOMAQ, la feria agroindustrial de Zaragoza"}]},{"@type":"WebSite","@id":"https:\/\/www.avanzarematerials.com\/es\/#website","url":"https:\/\/www.avanzarematerials.com\/es\/","name":"Avanzare Materials","description":"Inventing the future","potentialAction":[{"@type":"SearchAction","target":{"@type":"EntryPoint","urlTemplate":"https:\/\/www.avanzarematerials.com\/es\/?s={search_term_string}"},"query-input":{"@type":"PropertyValueSpecification","valueRequired":true,"valueName":"search_term_string"}}],"inLanguage":"es"},{"@type":"Person","@id":"https:\/\/www.avanzarematerials.com\/es\/#\/schema\/person\/6df49b68d6e00673c6a6e6d44fa7f255","name":"Avanzare Materials","image":{"@type":"ImageObject","inLanguage":"es","@id":"https:\/\/secure.gravatar.com\/avatar\/cb247acb5e07165148a4a2a08c6c01c3746d6805f518714ec56b4ab1114c8c90?s=96&d=mm&r=g","url":"https:\/\/secure.gravatar.com\/avatar\/cb247acb5e07165148a4a2a08c6c01c3746d6805f518714ec56b4ab1114c8c90?s=96&d=mm&r=g","contentUrl":"https:\/\/secure.gravatar.com\/avatar\/cb247acb5e07165148a4a2a08c6c01c3746d6805f518714ec56b4ab1114c8c90?s=96&d=mm&r=g","caption":"Avanzare Materials"},"url":"https:\/\/www.avanzarematerials.com\/es\/author\/avanzare\/"}]}},"_links":{"self":[{"href":"https:\/\/www.avanzarematerials.com\/es\/wp-json\/wp\/v2\/posts\/11323","targetHints":{"allow":["GET"]}}],"collection":[{"href":"https:\/\/www.avanzarematerials.com\/es\/wp-json\/wp\/v2\/posts"}],"about":[{"href":"https:\/\/www.avanzarematerials.com\/es\/wp-json\/wp\/v2\/types\/post"}],"author":[{"embeddable":true,"href":"https:\/\/www.avanzarematerials.com\/es\/wp-json\/wp\/v2\/users\/3"}],"replies":[{"embeddable":true,"href":"https:\/\/www.avanzarematerials.com\/es\/wp-json\/wp\/v2\/comments?post=11323"}],"version-history":[{"count":5,"href":"https:\/\/www.avanzarematerials.com\/es\/wp-json\/wp\/v2\/posts\/11323\/revisions"}],"predecessor-version":[{"id":11346,"href":"https:\/\/www.avanzarematerials.com\/es\/wp-json\/wp\/v2\/posts\/11323\/revisions\/11346"}],"wp:featuredmedia":[{"embeddable":true,"href":"https:\/\/www.avanzarematerials.com\/es\/wp-json\/wp\/v2\/media\/11325"}],"wp:attachment":[{"href":"https:\/\/www.avanzarematerials.com\/es\/wp-json\/wp\/v2\/media?parent=11323"}],"wp:term":[{"taxonomy":"category","embeddable":true,"href":"https:\/\/www.avanzarematerials.com\/es\/wp-json\/wp\/v2\/categories?post=11323"},{"taxonomy":"post_tag","embeddable":true,"href":"https:\/\/www.avanzarematerials.com\/es\/wp-json\/wp\/v2\/tags?post=11323"}],"curies":[{"name":"wp","href":"https:\/\/api.w.org\/{rel}","templated":true}]}}