{"id":10662,"date":"2024-09-26T13:12:33","date_gmt":"2024-09-26T11:12:33","guid":{"rendered":"https:\/\/www.avanzarematerials.com\/?p=10662"},"modified":"2024-10-28T08:58:36","modified_gmt":"2024-10-28T07:58:36","slug":"el-grupo-avanzare-potencia-su-crecimiento-con-la-creacion-de-una-empresa-en-eeuu-y-ficha-a-sergio-moriano-como-director-general","status":"publish","type":"post","link":"https:\/\/www.avanzarematerials.com\/es\/2024\/09\/26\/el-grupo-avanzare-potencia-su-crecimiento-con-la-creacion-de-una-empresa-en-eeuu-y-ficha-a-sergio-moriano-como-director-general\/","title":{"rendered":"El Grupo Avanzare potencia su crecimiento con la creaci\u00f3n de una empresa en EEUU y ficha a Sergio Moriano como Director General"},"content":{"rendered":"<p><div class=\"fusion-fullwidth fullwidth-box fusion-builder-row-1 fusion-flex-container nonhundred-percent-fullwidth non-hundred-percent-height-scrolling\" style=\"--awb-border-radius-top-left:0px;--awb-border-radius-top-right:0px;--awb-border-radius-bottom-right:0px;--awb-border-radius-bottom-left:0px;--awb-flex-wrap:wrap;\" ><div class=\"fusion-builder-row fusion-row fusion-flex-align-items-flex-start fusion-flex-content-wrap\" style=\"max-width:1497.6px;margin-left: calc(-4% \/ 2 );margin-right: calc(-4% \/ 2 );\"><div class=\"fusion-layout-column fusion_builder_column fusion-builder-column-0 fusion_builder_column_1_1 1_1 fusion-flex-column\" style=\"--awb-bg-size:cover;--awb-width-large:100%;--awb-margin-top-large:0px;--awb-spacing-right-large:1.92%;--awb-margin-bottom-large:0px;--awb-spacing-left-large:1.92%;--awb-width-medium:100%;--awb-spacing-right-medium:1.92%;--awb-spacing-left-medium:1.92%;--awb-width-small:100%;--awb-spacing-right-small:1.92%;--awb-spacing-left-small:1.92%;\"><div class=\"fusion-column-wrapper fusion-flex-justify-content-flex-start fusion-content-layout-column\"><div class=\"fusion-separator fusion-full-width-sep\" style=\"align-self: center;margin-left: auto;margin-right: auto;margin-top:30px;margin-bottom:30px;width:100%;\"><\/div><\/div><\/div><\/div><\/div><div class=\"fusion-fullwidth fullwidth-box fusion-builder-row-2 fusion-flex-container has-pattern-background has-mask-background nonhundred-percent-fullwidth non-hundred-percent-height-scrolling\" style=\"--awb-border-radius-top-left:0px;--awb-border-radius-top-right:0px;--awb-border-radius-bottom-right:0px;--awb-border-radius-bottom-left:0px;--awb-flex-wrap:wrap;\" ><div class=\"fusion-builder-row fusion-row fusion-flex-align-items-flex-start fusion-flex-content-wrap\" style=\"max-width:1497.6px;margin-left: calc(-4% \/ 2 );margin-right: calc(-4% \/ 2 );\"><div class=\"fusion-layout-column fusion_builder_column fusion-builder-column-1 fusion_builder_column_1_1 1_1 fusion-flex-column\" style=\"--awb-bg-size:cover;--awb-width-large:100%;--awb-margin-top-large:0px;--awb-spacing-right-large:1.92%;--awb-margin-bottom-large:20px;--awb-spacing-left-large:1.92%;--awb-width-medium:100%;--awb-order-medium:0;--awb-spacing-right-medium:1.92%;--awb-spacing-left-medium:1.92%;--awb-width-small:100%;--awb-order-small:0;--awb-spacing-right-small:1.92%;--awb-spacing-left-small:1.92%;\"><div class=\"fusion-column-wrapper fusion-column-has-shadow fusion-flex-justify-content-flex-start fusion-content-layout-column\"><div class=\"fusion-title title fusion-title-1 fusion-sep-none fusion-title-text fusion-title-size-one\" style=\"--awb-margin-top-small:10px;--awb-margin-right-small:0px;--awb-margin-bottom-small:10px;--awb-margin-left-small:0px;\"><h1 class=\"fusion-title-heading title-heading-left\" style=\"margin:0;\"><h1>El Grupo Avanzare potencia su crecimiento con la creaci\u00f3n de una empresa en EEUU y ficha a Sergio Moriano como Director General.<\/h1><\/h1><\/div><div class=\"fusion-image-element\" style=\"--awb-caption-title-font-family:var(--h2_typography-font-family);--awb-caption-title-font-weight:var(--h2_typography-font-weight);--awb-caption-title-font-style:var(--h2_typography-font-style);--awb-caption-title-size:var(--h2_typography-font-size);--awb-caption-title-transform:var(--h2_typography-text-transform);--awb-caption-title-line-height:var(--h2_typography-line-height);--awb-caption-title-letter-spacing:var(--h2_typography-letter-spacing);\"><span class=\" fusion-imageframe imageframe-none imageframe-1 hover-type-none\"><img decoding=\"async\" width=\"3814\" height=\"2166\" title=\"Sergio Moriano, director general del Grupo Avanzare\" src=\"https:\/\/www.avanzarematerials.com\/wp-content\/uploads\/2024\/09\/1_Sergio-Moriano_showroom-avanzare.png\" alt class=\"img-responsive wp-image-10667\" srcset=\"https:\/\/www.avanzarematerials.com\/wp-content\/uploads\/2024\/09\/1_Sergio-Moriano_showroom-avanzare-200x114.png 200w, https:\/\/www.avanzarematerials.com\/wp-content\/uploads\/2024\/09\/1_Sergio-Moriano_showroom-avanzare-400x227.png 400w, https:\/\/www.avanzarematerials.com\/wp-content\/uploads\/2024\/09\/1_Sergio-Moriano_showroom-avanzare-600x341.png 600w, https:\/\/www.avanzarematerials.com\/wp-content\/uploads\/2024\/09\/1_Sergio-Moriano_showroom-avanzare-800x454.png 800w, https:\/\/www.avanzarematerials.com\/wp-content\/uploads\/2024\/09\/1_Sergio-Moriano_showroom-avanzare-1200x681.png 1200w, https:\/\/www.avanzarematerials.com\/wp-content\/uploads\/2024\/09\/1_Sergio-Moriano_showroom-avanzare.png 3814w\" sizes=\"(max-width: 1024px) 100vw, (max-width: 640px) 100vw, 3814px\" \/><\/span><\/div><div class=\"fusion-separator fusion-full-width-sep\" style=\"align-self: center;margin-left: auto;margin-right: auto;margin-top:10px;margin-bottom:10px;width:100%;\"><\/div><div class=\"fusion-text fusion-text-1\" style=\"--awb-content-alignment:justify;\"><p style=\"text-align: left;\">Avanzare celebra su 20\u00ba aniversario anunciando su expansi\u00f3n internacional y el fortalecimiento de su equipo directivo.<\/p>\n<\/div><\/div><\/div><\/div><\/div><div class=\"fusion-fullwidth fullwidth-box fusion-builder-row-3 fusion-flex-container nonhundred-percent-fullwidth non-hundred-percent-height-scrolling\" style=\"--awb-border-radius-top-left:0px;--awb-border-radius-top-right:0px;--awb-border-radius-bottom-right:0px;--awb-border-radius-bottom-left:0px;--awb-flex-wrap:wrap;\" ><div class=\"fusion-builder-row fusion-row fusion-flex-align-items-flex-start fusion-flex-content-wrap\" style=\"max-width:1497.6px;margin-left: calc(-4% \/ 2 );margin-right: calc(-4% \/ 2 );\"><div class=\"fusion-layout-column fusion_builder_column fusion-builder-column-2 fusion_builder_column_1_1 1_1 fusion-flex-column\" style=\"--awb-bg-size:cover;--awb-width-large:100%;--awb-margin-top-large:0px;--awb-spacing-right-large:1.92%;--awb-margin-bottom-large:0px;--awb-spacing-left-large:1.92%;--awb-width-medium:100%;--awb-spacing-right-medium:1.92%;--awb-spacing-left-medium:1.92%;--awb-width-small:100%;--awb-spacing-right-small:1.92%;--awb-spacing-left-small:1.92%;\"><div class=\"fusion-column-wrapper fusion-flex-justify-content-flex-start fusion-content-layout-column\"><div class=\"fusion-separator fusion-full-width-sep\" style=\"align-self: center;margin-left: auto;margin-right: auto;margin-top:10px;margin-bottom:10px;width:100%;\"><\/div><div class=\"fusion-title title fusion-title-2 fusion-sep-none fusion-title-text fusion-title-size-two\" style=\"--awb-margin-top-small:10px;--awb-margin-right-small:0px;--awb-margin-bottom-small:10px;--awb-margin-left-small:0px;\"><h2 class=\"fusion-title-heading title-heading-left\" style=\"margin:0;\"><h2>Filial EEUU y fortalecimiento del equipo directivo.<\/h2><\/h2><\/div><div class=\"fusion-text fusion-text-2\" style=\"--awb-content-alignment:justify;\"><p>Julio Gomez Cord\u00f3n, Consejero Ejecutivo de la empresa riojana Avanzare Innovaci\u00f3n Tecnol\u00f3gica, l\u00edder Europeo en materiales avanzados funcionales, ha anunciado la creaci\u00f3n de una filial en EEUU y el fortalecimiento de su equipo directivo con la incorporaci\u00f3n de un Director General. Julio G\u00f3mez ha querido destacar la marcada apuesta por el crecimiento y la expansi\u00f3n internacional del Grupo.<\/p>\n<p>Avanzare ya tiene operativa su filial en EEUU y est\u00e1 trabajando en la creaci\u00f3n de una segunda filial en M\u00e9xico, siendo Norte Am\u00e9rica una de las apuestas de expansi\u00f3n internacional del grupo.<\/p>\n<p>Para afianzar el crecimiento actual y el futuro, la organizaci\u00f3n ha sumado a su equipo un nuevo Director General, nombrando a Sergio Moriano Garc\u00eda, profesional con 18 a\u00f1os de experiencia en el sector del pl\u00e1stico para aplicaciones de ingenier\u00eda, tales como automoci\u00f3n, aeron\u00e1utica, entre otras.<\/p>\n<p>Julio Gomez ha destacado la necesidad de crear equipos directivos fuertes, cohesionados y bien estructurados, siendo esta la raz\u00f3n de su fichaje. Sergio ser\u00e1 el encargado, junto con su equipo, de afianzar y acelerar la expansi\u00f3n y transformaci\u00f3n en la que el Grupo Avanzare lleva trabajando en los \u00faltimos a\u00f1os.<\/p>\n<p>Avanzare ha reclutado a Sergio de una de las grandes multinacionales del sector petroqu\u00edmico, la empresa saud\u00ed <a href=\"https:\/\/www.sabic.com\/en\">SABIC<\/a>, que cerr\u00f3 2023 con unas ventas de 34 mil millones de \u20ac. Sergio era el responsable de cuentas clave de SABIC en EMEA (Europa, Oriente Medio y \u00c1frica). SABIC es propiedad de ARAMCO, la empresa petrolera Saud\u00ed que produce el 10% del petr\u00f3leo a nivel mundial.<\/p>\n<p>Sergio se ha posicionado como un gran experto de la industria pl\u00e1stica europea. Anteriormente, ha trabajado en alguno de los l\u00edderes del sector del pl\u00e1stico, <a href=\"https:\/\/www.avient.com\/\">Avient Corporation<\/a> o <a href=\"https:\/\/www.domochemicals.com\/en\">Domo Chemicals<\/a>.<\/p>\n<\/div><\/div><\/div><div class=\"fusion-layout-column fusion_builder_column fusion-builder-column-3 fusion_builder_column_1_1 1_1 fusion-flex-column\" style=\"--awb-bg-size:cover;--awb-width-large:100%;--awb-margin-top-large:0px;--awb-spacing-right-large:1.92%;--awb-margin-bottom-large:0px;--awb-spacing-left-large:1.92%;--awb-width-medium:100%;--awb-spacing-right-medium:1.92%;--awb-spacing-left-medium:1.92%;--awb-width-small:100%;--awb-spacing-right-small:1.92%;--awb-spacing-left-small:1.92%;\"><div class=\"fusion-column-wrapper fusion-flex-justify-content-flex-start fusion-content-layout-column\"><div class=\"fusion-separator fusion-full-width-sep\" style=\"align-self: center;margin-left: auto;margin-right: auto;margin-top:10px;margin-bottom:10px;width:100%;\"><\/div><div class=\"fusion-title title fusion-title-3 fusion-sep-none fusion-title-text fusion-title-size-two\" style=\"--awb-margin-top-small:10px;--awb-margin-right-small:0px;--awb-margin-bottom-small:10px;--awb-margin-left-small:0px;\"><h2 class=\"fusion-title-heading title-heading-left\" style=\"margin:0;\"><h2>Trabajo en equipo, calidad, servicio al cliente y responsabilidad \u00e9tica.<\/h2><\/h2><\/div><div class=\"fusion-separator fusion-full-width-sep\" style=\"align-self: center;margin-left: auto;margin-right: auto;margin-top:10px;margin-bottom:10px;width:100%;\"><\/div><div class=\"fusion-text fusion-text-3\" style=\"--awb-content-alignment:justify;\"><p>Moriano es un firme defensor del trabajo en equipo, la calidad, el servicio al cliente, el valor de marca y la responsabilidad \u00e9tica. Para Sergio, hubo varios motivos que le llevaron a asumir la Direcci\u00f3n General en Avanzare. Todo comenz\u00f3 en el a\u00f1o 2014, cuando tuvo la oportunidad de visitar las instalaciones de <a href=\"https:\/\/www.ensatec.com\/\">Ensatec<\/a>, hoy divisi\u00f3n del Grupo, para realizar pruebas de ensayos con la que era su empresa en aquel momento.<\/p>\n<p>El crecimiento de Avanzare y su presencia en el mercado cada vez mayor durante los a\u00f1os posteriores, ha supuesto para Sergio un inter\u00e9s genuino en su actividad hacia el desarrollo de materiales con capacidades que pocas empresas en Europa pueden ofrecer. Este inter\u00e9s se ha visto acrecentado debido a la apuesta actual del Grupo por un crecimiento en las soluciones de especialidades y materiales avanzados cada vez m\u00e1s demandados en los <a href=\"https:\/\/www.avanzarematerials.com\/es\/antiestaticos\/\">sectores del pl\u00e1stico y caucho<\/a>.<\/p>\n<\/div><\/div><\/div><div class=\"fusion-layout-column fusion_builder_column fusion-builder-column-4 fusion_builder_column_1_1 1_1 fusion-flex-column\" style=\"--awb-bg-size:cover;--awb-width-large:100%;--awb-margin-top-large:0px;--awb-spacing-right-large:1.92%;--awb-margin-bottom-large:0px;--awb-spacing-left-large:1.92%;--awb-width-medium:100%;--awb-spacing-right-medium:1.92%;--awb-spacing-left-medium:1.92%;--awb-width-small:100%;--awb-spacing-right-small:1.92%;--awb-spacing-left-small:1.92%;\"><div class=\"fusion-column-wrapper fusion-flex-justify-content-flex-start fusion-content-layout-column\"><div class=\"fusion-separator fusion-full-width-sep\" style=\"align-self: center;margin-left: auto;margin-right: auto;margin-top:10px;margin-bottom:10px;width:100%;\"><\/div><div class=\"fusion-title title fusion-title-4 fusion-sep-none fusion-title-text fusion-title-size-two\" style=\"--awb-margin-top-small:10px;--awb-margin-right-small:0px;--awb-margin-bottom-small:10px;--awb-margin-left-small:0px;\"><h2 class=\"fusion-title-heading title-heading-left\" style=\"margin:0;\"><h2>La Rioja, una comunidad determinante.<\/h2><\/h2><\/div><div class=\"fusion-separator fusion-full-width-sep\" style=\"align-self: center;margin-left: auto;margin-right: auto;margin-top:10px;margin-bottom:10px;width:100%;\"><\/div><div class=\"fusion-text fusion-text-4\" style=\"--awb-content-alignment:justify;\"><p>Sin embargo, la actividad empresarial no ha sido su \u00fanica motivaci\u00f3n. La Rioja, una comunidad acogedora y rica en tradiciones, ha influido en su decisi\u00f3n. Sergio, natural de Monz\u00f3n (Huesca), encuentra en esta regi\u00f3n similitudes tanto en el car\u00e1cter de sus habitantes como en sus paisajes, lo que ha hecho m\u00e1s f\u00e1cil su traslado y adaptaci\u00f3n a la vida local.<\/p>\n<\/div><\/div><\/div><div class=\"fusion-layout-column fusion_builder_column fusion-builder-column-5 fusion_builder_column_1_1 1_1 fusion-flex-column\" style=\"--awb-bg-size:cover;--awb-width-large:100%;--awb-margin-top-large:0px;--awb-spacing-right-large:1.92%;--awb-margin-bottom-large:0px;--awb-spacing-left-large:1.92%;--awb-width-medium:100%;--awb-spacing-right-medium:1.92%;--awb-spacing-left-medium:1.92%;--awb-width-small:100%;--awb-spacing-right-small:1.92%;--awb-spacing-left-small:1.92%;\"><div class=\"fusion-column-wrapper fusion-flex-justify-content-flex-start fusion-content-layout-column\"><div class=\"fusion-separator fusion-full-width-sep\" style=\"align-self: center;margin-left: auto;margin-right: auto;margin-top:10px;margin-bottom:10px;width:100%;\"><\/div><div class=\"fusion-title title fusion-title-5 fusion-sep-none fusion-title-text fusion-title-size-two\" style=\"--awb-margin-top-small:10px;--awb-margin-right-small:0px;--awb-margin-bottom-small:10px;--awb-margin-left-small:0px;\"><h2 class=\"fusion-title-heading title-heading-left\" style=\"margin:0;\"><h2>El camino del \u00e9xito empieza con la formaci\u00f3n.<\/h2><\/h2><\/div><div class=\"fusion-separator fusion-full-width-sep\" style=\"align-self: center;margin-left: auto;margin-right: auto;margin-top:10px;margin-bottom:10px;width:100%;\"><\/div><div class=\"fusion-text fusion-text-5\" style=\"--awb-content-alignment:justify;\"><p>Sergio Moriano cuenta con una formaci\u00f3n como Licenciado en Ciencias Qu\u00edmicas por la <a href=\"https:\/\/www.unizar.es\/\">Universidad de Zaragoza<\/a>. Adem\u00e1s, en el a\u00f1o 2023 complement\u00f3 sus estudios con un Executive MBA especializado en gesti\u00f3n empresarial, marketing y disciplinas afines por la <a href=\"https:\/\/www.eae.es\/\">EAE Business School<\/a>.<\/p>\n<\/div><\/div><\/div><\/div><\/div><\/p>\n","protected":false},"excerpt":{"rendered":"","protected":false},"author":3,"featured_media":10877,"comment_status":"closed","ping_status":"open","sticky":false,"template":"","format":"standard","meta":{"footnotes":""},"categories":[6],"tags":[],"class_list":["post-10662","post","type-post","status-publish","format-standard","has-post-thumbnail","hentry","category-avanzare"],"yoast_head":"<!-- This site is optimized with the Yoast SEO plugin v28.3 - https:\/\/yoast.com\/product\/yoast-seo-wordpress\/ -->\n<title>El Grupo Avanzare potencia su crecimiento con la creaci\u00f3n de una empresa en EEUU y ficha a Sergio Moriano como Director General - Avanzare Materials<\/title>\n<meta name=\"robots\" content=\"index, follow, max-snippet:-1, max-image-preview:large, max-video-preview:-1\" \/>\n<link rel=\"canonical\" href=\"https:\/\/www.avanzarematerials.com\/es\/2024\/09\/26\/el-grupo-avanzare-potencia-su-crecimiento-con-la-creacion-de-una-empresa-en-eeuu-y-ficha-a-sergio-moriano-como-director-general\/\" \/>\n<meta property=\"og:locale\" content=\"es_ES\" \/>\n<meta property=\"og:type\" content=\"article\" \/>\n<meta property=\"og:title\" content=\"El Grupo Avanzare potencia su crecimiento con la creaci\u00f3n de una empresa en EEUU y ficha a Sergio Moriano como Director General - Avanzare Materials\" \/>\n<meta property=\"og:url\" content=\"https:\/\/www.avanzarematerials.com\/es\/2024\/09\/26\/el-grupo-avanzare-potencia-su-crecimiento-con-la-creacion-de-una-empresa-en-eeuu-y-ficha-a-sergio-moriano-como-director-general\/\" \/>\n<meta property=\"og:site_name\" content=\"Avanzare Materials\" \/>\n<meta property=\"article:published_time\" content=\"2024-09-26T11:12:33+00:00\" \/>\n<meta property=\"article:modified_time\" content=\"2024-10-28T07:58:36+00:00\" \/>\n<meta property=\"og:image\" content=\"https:\/\/www.avanzarematerials.com\/wp-content\/uploads\/2024\/09\/sergio-moriano-nuevo-fichaje-avanzare.png\" \/>\n\t<meta property=\"og:image:width\" content=\"1200\" \/>\n\t<meta property=\"og:image:height\" content=\"627\" \/>\n\t<meta property=\"og:image:type\" content=\"image\/png\" \/>\n<meta name=\"author\" content=\"Avanzare Materials\" \/>\n<meta name=\"twitter:card\" content=\"summary_large_image\" \/>\n<meta name=\"twitter:label1\" content=\"Escrito por\" \/>\n\t<meta name=\"twitter:data1\" content=\"Avanzare Materials\" \/>\n\t<meta name=\"twitter:label2\" content=\"Tiempo de lectura\" \/>\n\t<meta name=\"twitter:data2\" content=\"4 minutos\" \/>\n<script type=\"application\/ld+json\" class=\"yoast-schema-graph\">{\"@context\":\"https:\\\/\\\/schema.org\",\"@graph\":[{\"@type\":\"Article\",\"@id\":\"https:\\\/\\\/www.avanzarematerials.com\\\/es\\\/2024\\\/09\\\/26\\\/el-grupo-avanzare-potencia-su-crecimiento-con-la-creacion-de-una-empresa-en-eeuu-y-ficha-a-sergio-moriano-como-director-general\\\/#article\",\"isPartOf\":{\"@id\":\"https:\\\/\\\/www.avanzarematerials.com\\\/es\\\/2024\\\/09\\\/26\\\/el-grupo-avanzare-potencia-su-crecimiento-con-la-creacion-de-una-empresa-en-eeuu-y-ficha-a-sergio-moriano-como-director-general\\\/\"},\"author\":{\"name\":\"Avanzare Materials\",\"@id\":\"https:\\\/\\\/www.avanzarematerials.com\\\/es\\\/#\\\/schema\\\/person\\\/6df49b68d6e00673c6a6e6d44fa7f255\"},\"headline\":\"El Grupo Avanzare potencia su crecimiento con la creaci\u00f3n de una empresa en EEUU y ficha a Sergio Moriano como Director General\",\"datePublished\":\"2024-09-26T11:12:33+00:00\",\"dateModified\":\"2024-10-28T07:58:36+00:00\",\"mainEntityOfPage\":{\"@id\":\"https:\\\/\\\/www.avanzarematerials.com\\\/es\\\/2024\\\/09\\\/26\\\/el-grupo-avanzare-potencia-su-crecimiento-con-la-creacion-de-una-empresa-en-eeuu-y-ficha-a-sergio-moriano-como-director-general\\\/\"},\"wordCount\":4274,\"image\":{\"@id\":\"https:\\\/\\\/www.avanzarematerials.com\\\/es\\\/2024\\\/09\\\/26\\\/el-grupo-avanzare-potencia-su-crecimiento-con-la-creacion-de-una-empresa-en-eeuu-y-ficha-a-sergio-moriano-como-director-general\\\/#primaryimage\"},\"thumbnailUrl\":\"https:\\\/\\\/www.avanzarematerials.com\\\/wp-content\\\/uploads\\\/2024\\\/09\\\/sergio-moriano-nuevo-fichaje-avanzare.png\",\"articleSection\":[\"Avanzare\"],\"inLanguage\":\"es\"},{\"@type\":\"WebPage\",\"@id\":\"https:\\\/\\\/www.avanzarematerials.com\\\/es\\\/2024\\\/09\\\/26\\\/el-grupo-avanzare-potencia-su-crecimiento-con-la-creacion-de-una-empresa-en-eeuu-y-ficha-a-sergio-moriano-como-director-general\\\/\",\"url\":\"https:\\\/\\\/www.avanzarematerials.com\\\/es\\\/2024\\\/09\\\/26\\\/el-grupo-avanzare-potencia-su-crecimiento-con-la-creacion-de-una-empresa-en-eeuu-y-ficha-a-sergio-moriano-como-director-general\\\/\",\"name\":\"El Grupo Avanzare potencia su crecimiento con la creaci\u00f3n de una empresa en EEUU y ficha a Sergio Moriano como Director General - Avanzare Materials\",\"isPartOf\":{\"@id\":\"https:\\\/\\\/www.avanzarematerials.com\\\/es\\\/#website\"},\"primaryImageOfPage\":{\"@id\":\"https:\\\/\\\/www.avanzarematerials.com\\\/es\\\/2024\\\/09\\\/26\\\/el-grupo-avanzare-potencia-su-crecimiento-con-la-creacion-de-una-empresa-en-eeuu-y-ficha-a-sergio-moriano-como-director-general\\\/#primaryimage\"},\"image\":{\"@id\":\"https:\\\/\\\/www.avanzarematerials.com\\\/es\\\/2024\\\/09\\\/26\\\/el-grupo-avanzare-potencia-su-crecimiento-con-la-creacion-de-una-empresa-en-eeuu-y-ficha-a-sergio-moriano-como-director-general\\\/#primaryimage\"},\"thumbnailUrl\":\"https:\\\/\\\/www.avanzarematerials.com\\\/wp-content\\\/uploads\\\/2024\\\/09\\\/sergio-moriano-nuevo-fichaje-avanzare.png\",\"datePublished\":\"2024-09-26T11:12:33+00:00\",\"dateModified\":\"2024-10-28T07:58:36+00:00\",\"author\":{\"@id\":\"https:\\\/\\\/www.avanzarematerials.com\\\/es\\\/#\\\/schema\\\/person\\\/6df49b68d6e00673c6a6e6d44fa7f255\"},\"breadcrumb\":{\"@id\":\"https:\\\/\\\/www.avanzarematerials.com\\\/es\\\/2024\\\/09\\\/26\\\/el-grupo-avanzare-potencia-su-crecimiento-con-la-creacion-de-una-empresa-en-eeuu-y-ficha-a-sergio-moriano-como-director-general\\\/#breadcrumb\"},\"inLanguage\":\"es\",\"potentialAction\":[{\"@type\":\"ReadAction\",\"target\":[\"https:\\\/\\\/www.avanzarematerials.com\\\/es\\\/2024\\\/09\\\/26\\\/el-grupo-avanzare-potencia-su-crecimiento-con-la-creacion-de-una-empresa-en-eeuu-y-ficha-a-sergio-moriano-como-director-general\\\/\"]}]},{\"@type\":\"ImageObject\",\"inLanguage\":\"es\",\"@id\":\"https:\\\/\\\/www.avanzarematerials.com\\\/es\\\/2024\\\/09\\\/26\\\/el-grupo-avanzare-potencia-su-crecimiento-con-la-creacion-de-una-empresa-en-eeuu-y-ficha-a-sergio-moriano-como-director-general\\\/#primaryimage\",\"url\":\"https:\\\/\\\/www.avanzarematerials.com\\\/wp-content\\\/uploads\\\/2024\\\/09\\\/sergio-moriano-nuevo-fichaje-avanzare.png\",\"contentUrl\":\"https:\\\/\\\/www.avanzarematerials.com\\\/wp-content\\\/uploads\\\/2024\\\/09\\\/sergio-moriano-nuevo-fichaje-avanzare.png\",\"width\":1200,\"height\":627},{\"@type\":\"BreadcrumbList\",\"@id\":\"https:\\\/\\\/www.avanzarematerials.com\\\/es\\\/2024\\\/09\\\/26\\\/el-grupo-avanzare-potencia-su-crecimiento-con-la-creacion-de-una-empresa-en-eeuu-y-ficha-a-sergio-moriano-como-director-general\\\/#breadcrumb\",\"itemListElement\":[{\"@type\":\"ListItem\",\"position\":1,\"name\":\"Portada\",\"item\":\"https:\\\/\\\/www.avanzarematerials.com\\\/es\\\/\"},{\"@type\":\"ListItem\",\"position\":2,\"name\":\"El Grupo Avanzare potencia su crecimiento con la creaci\u00f3n de una empresa en EEUU y ficha a Sergio Moriano como Director General\"}]},{\"@type\":\"WebSite\",\"@id\":\"https:\\\/\\\/www.avanzarematerials.com\\\/es\\\/#website\",\"url\":\"https:\\\/\\\/www.avanzarematerials.com\\\/es\\\/\",\"name\":\"Avanzare Materials\",\"description\":\"Inventing the future\",\"potentialAction\":[{\"@type\":\"SearchAction\",\"target\":{\"@type\":\"EntryPoint\",\"urlTemplate\":\"https:\\\/\\\/www.avanzarematerials.com\\\/es\\\/?s={search_term_string}\"},\"query-input\":{\"@type\":\"PropertyValueSpecification\",\"valueRequired\":true,\"valueName\":\"search_term_string\"}}],\"inLanguage\":\"es\"},{\"@type\":\"Person\",\"@id\":\"https:\\\/\\\/www.avanzarematerials.com\\\/es\\\/#\\\/schema\\\/person\\\/6df49b68d6e00673c6a6e6d44fa7f255\",\"name\":\"Avanzare Materials\",\"image\":{\"@type\":\"ImageObject\",\"inLanguage\":\"es\",\"@id\":\"https:\\\/\\\/secure.gravatar.com\\\/avatar\\\/cb247acb5e07165148a4a2a08c6c01c3746d6805f518714ec56b4ab1114c8c90?s=96&d=mm&r=g\",\"url\":\"https:\\\/\\\/secure.gravatar.com\\\/avatar\\\/cb247acb5e07165148a4a2a08c6c01c3746d6805f518714ec56b4ab1114c8c90?s=96&d=mm&r=g\",\"contentUrl\":\"https:\\\/\\\/secure.gravatar.com\\\/avatar\\\/cb247acb5e07165148a4a2a08c6c01c3746d6805f518714ec56b4ab1114c8c90?s=96&d=mm&r=g\",\"caption\":\"Avanzare Materials\"},\"url\":\"https:\\\/\\\/www.avanzarematerials.com\\\/es\\\/author\\\/avanzare\\\/\"}]}<\/script>\n<!-- \/ Yoast SEO plugin. -->","yoast_head_json":{"title":"El Grupo Avanzare potencia su crecimiento con la creaci\u00f3n de una empresa en EEUU y ficha a Sergio Moriano como Director General - Avanzare Materials","robots":{"index":"index","follow":"follow","max-snippet":"max-snippet:-1","max-image-preview":"max-image-preview:large","max-video-preview":"max-video-preview:-1"},"canonical":"https:\/\/www.avanzarematerials.com\/es\/2024\/09\/26\/el-grupo-avanzare-potencia-su-crecimiento-con-la-creacion-de-una-empresa-en-eeuu-y-ficha-a-sergio-moriano-como-director-general\/","og_locale":"es_ES","og_type":"article","og_title":"El Grupo Avanzare potencia su crecimiento con la creaci\u00f3n de una empresa en EEUU y ficha a Sergio Moriano como Director General - Avanzare Materials","og_url":"https:\/\/www.avanzarematerials.com\/es\/2024\/09\/26\/el-grupo-avanzare-potencia-su-crecimiento-con-la-creacion-de-una-empresa-en-eeuu-y-ficha-a-sergio-moriano-como-director-general\/","og_site_name":"Avanzare Materials","article_published_time":"2024-09-26T11:12:33+00:00","article_modified_time":"2024-10-28T07:58:36+00:00","og_image":[{"width":1200,"height":627,"url":"https:\/\/www.avanzarematerials.com\/wp-content\/uploads\/2024\/09\/sergio-moriano-nuevo-fichaje-avanzare.png","type":"image\/png"}],"author":"Avanzare Materials","twitter_card":"summary_large_image","twitter_misc":{"Escrito por":"Avanzare Materials","Tiempo de lectura":"4 minutos"},"schema":{"@context":"https:\/\/schema.org","@graph":[{"@type":"Article","@id":"https:\/\/www.avanzarematerials.com\/es\/2024\/09\/26\/el-grupo-avanzare-potencia-su-crecimiento-con-la-creacion-de-una-empresa-en-eeuu-y-ficha-a-sergio-moriano-como-director-general\/#article","isPartOf":{"@id":"https:\/\/www.avanzarematerials.com\/es\/2024\/09\/26\/el-grupo-avanzare-potencia-su-crecimiento-con-la-creacion-de-una-empresa-en-eeuu-y-ficha-a-sergio-moriano-como-director-general\/"},"author":{"name":"Avanzare Materials","@id":"https:\/\/www.avanzarematerials.com\/es\/#\/schema\/person\/6df49b68d6e00673c6a6e6d44fa7f255"},"headline":"El Grupo Avanzare potencia su crecimiento con la creaci\u00f3n de una empresa en EEUU y ficha a Sergio Moriano como Director General","datePublished":"2024-09-26T11:12:33+00:00","dateModified":"2024-10-28T07:58:36+00:00","mainEntityOfPage":{"@id":"https:\/\/www.avanzarematerials.com\/es\/2024\/09\/26\/el-grupo-avanzare-potencia-su-crecimiento-con-la-creacion-de-una-empresa-en-eeuu-y-ficha-a-sergio-moriano-como-director-general\/"},"wordCount":4274,"image":{"@id":"https:\/\/www.avanzarematerials.com\/es\/2024\/09\/26\/el-grupo-avanzare-potencia-su-crecimiento-con-la-creacion-de-una-empresa-en-eeuu-y-ficha-a-sergio-moriano-como-director-general\/#primaryimage"},"thumbnailUrl":"https:\/\/www.avanzarematerials.com\/wp-content\/uploads\/2024\/09\/sergio-moriano-nuevo-fichaje-avanzare.png","articleSection":["Avanzare"],"inLanguage":"es"},{"@type":"WebPage","@id":"https:\/\/www.avanzarematerials.com\/es\/2024\/09\/26\/el-grupo-avanzare-potencia-su-crecimiento-con-la-creacion-de-una-empresa-en-eeuu-y-ficha-a-sergio-moriano-como-director-general\/","url":"https:\/\/www.avanzarematerials.com\/es\/2024\/09\/26\/el-grupo-avanzare-potencia-su-crecimiento-con-la-creacion-de-una-empresa-en-eeuu-y-ficha-a-sergio-moriano-como-director-general\/","name":"El Grupo Avanzare potencia su crecimiento con la creaci\u00f3n de una empresa en EEUU y ficha a Sergio Moriano como Director General - Avanzare Materials","isPartOf":{"@id":"https:\/\/www.avanzarematerials.com\/es\/#website"},"primaryImageOfPage":{"@id":"https:\/\/www.avanzarematerials.com\/es\/2024\/09\/26\/el-grupo-avanzare-potencia-su-crecimiento-con-la-creacion-de-una-empresa-en-eeuu-y-ficha-a-sergio-moriano-como-director-general\/#primaryimage"},"image":{"@id":"https:\/\/www.avanzarematerials.com\/es\/2024\/09\/26\/el-grupo-avanzare-potencia-su-crecimiento-con-la-creacion-de-una-empresa-en-eeuu-y-ficha-a-sergio-moriano-como-director-general\/#primaryimage"},"thumbnailUrl":"https:\/\/www.avanzarematerials.com\/wp-content\/uploads\/2024\/09\/sergio-moriano-nuevo-fichaje-avanzare.png","datePublished":"2024-09-26T11:12:33+00:00","dateModified":"2024-10-28T07:58:36+00:00","author":{"@id":"https:\/\/www.avanzarematerials.com\/es\/#\/schema\/person\/6df49b68d6e00673c6a6e6d44fa7f255"},"breadcrumb":{"@id":"https:\/\/www.avanzarematerials.com\/es\/2024\/09\/26\/el-grupo-avanzare-potencia-su-crecimiento-con-la-creacion-de-una-empresa-en-eeuu-y-ficha-a-sergio-moriano-como-director-general\/#breadcrumb"},"inLanguage":"es","potentialAction":[{"@type":"ReadAction","target":["https:\/\/www.avanzarematerials.com\/es\/2024\/09\/26\/el-grupo-avanzare-potencia-su-crecimiento-con-la-creacion-de-una-empresa-en-eeuu-y-ficha-a-sergio-moriano-como-director-general\/"]}]},{"@type":"ImageObject","inLanguage":"es","@id":"https:\/\/www.avanzarematerials.com\/es\/2024\/09\/26\/el-grupo-avanzare-potencia-su-crecimiento-con-la-creacion-de-una-empresa-en-eeuu-y-ficha-a-sergio-moriano-como-director-general\/#primaryimage","url":"https:\/\/www.avanzarematerials.com\/wp-content\/uploads\/2024\/09\/sergio-moriano-nuevo-fichaje-avanzare.png","contentUrl":"https:\/\/www.avanzarematerials.com\/wp-content\/uploads\/2024\/09\/sergio-moriano-nuevo-fichaje-avanzare.png","width":1200,"height":627},{"@type":"BreadcrumbList","@id":"https:\/\/www.avanzarematerials.com\/es\/2024\/09\/26\/el-grupo-avanzare-potencia-su-crecimiento-con-la-creacion-de-una-empresa-en-eeuu-y-ficha-a-sergio-moriano-como-director-general\/#breadcrumb","itemListElement":[{"@type":"ListItem","position":1,"name":"Portada","item":"https:\/\/www.avanzarematerials.com\/es\/"},{"@type":"ListItem","position":2,"name":"El Grupo Avanzare potencia su crecimiento con la creaci\u00f3n de una empresa en EEUU y ficha a Sergio Moriano como Director General"}]},{"@type":"WebSite","@id":"https:\/\/www.avanzarematerials.com\/es\/#website","url":"https:\/\/www.avanzarematerials.com\/es\/","name":"Avanzare Materials","description":"Inventing the future","potentialAction":[{"@type":"SearchAction","target":{"@type":"EntryPoint","urlTemplate":"https:\/\/www.avanzarematerials.com\/es\/?s={search_term_string}"},"query-input":{"@type":"PropertyValueSpecification","valueRequired":true,"valueName":"search_term_string"}}],"inLanguage":"es"},{"@type":"Person","@id":"https:\/\/www.avanzarematerials.com\/es\/#\/schema\/person\/6df49b68d6e00673c6a6e6d44fa7f255","name":"Avanzare Materials","image":{"@type":"ImageObject","inLanguage":"es","@id":"https:\/\/secure.gravatar.com\/avatar\/cb247acb5e07165148a4a2a08c6c01c3746d6805f518714ec56b4ab1114c8c90?s=96&d=mm&r=g","url":"https:\/\/secure.gravatar.com\/avatar\/cb247acb5e07165148a4a2a08c6c01c3746d6805f518714ec56b4ab1114c8c90?s=96&d=mm&r=g","contentUrl":"https:\/\/secure.gravatar.com\/avatar\/cb247acb5e07165148a4a2a08c6c01c3746d6805f518714ec56b4ab1114c8c90?s=96&d=mm&r=g","caption":"Avanzare Materials"},"url":"https:\/\/www.avanzarematerials.com\/es\/author\/avanzare\/"}]}},"_links":{"self":[{"href":"https:\/\/www.avanzarematerials.com\/es\/wp-json\/wp\/v2\/posts\/10662","targetHints":{"allow":["GET"]}}],"collection":[{"href":"https:\/\/www.avanzarematerials.com\/es\/wp-json\/wp\/v2\/posts"}],"about":[{"href":"https:\/\/www.avanzarematerials.com\/es\/wp-json\/wp\/v2\/types\/post"}],"author":[{"embeddable":true,"href":"https:\/\/www.avanzarematerials.com\/es\/wp-json\/wp\/v2\/users\/3"}],"replies":[{"embeddable":true,"href":"https:\/\/www.avanzarematerials.com\/es\/wp-json\/wp\/v2\/comments?post=10662"}],"version-history":[{"count":18,"href":"https:\/\/www.avanzarematerials.com\/es\/wp-json\/wp\/v2\/posts\/10662\/revisions"}],"predecessor-version":[{"id":10905,"href":"https:\/\/www.avanzarematerials.com\/es\/wp-json\/wp\/v2\/posts\/10662\/revisions\/10905"}],"wp:featuredmedia":[{"embeddable":true,"href":"https:\/\/www.avanzarematerials.com\/es\/wp-json\/wp\/v2\/media\/10877"}],"wp:attachment":[{"href":"https:\/\/www.avanzarematerials.com\/es\/wp-json\/wp\/v2\/media?parent=10662"}],"wp:term":[{"taxonomy":"category","embeddable":true,"href":"https:\/\/www.avanzarematerials.com\/es\/wp-json\/wp\/v2\/categories?post=10662"},{"taxonomy":"post_tag","embeddable":true,"href":"https:\/\/www.avanzarematerials.com\/es\/wp-json\/wp\/v2\/tags?post=10662"}],"curies":[{"name":"wp","href":"https:\/\/api.w.org\/{rel}","templated":true}]}}